{"id":1665,"date":"2017-05-01T17:27:00","date_gmt":"2017-05-01T17:27:00","guid":{"rendered":"http:\/\/psicologiaviva.com\/blog\/?p=1665"},"modified":"2019-01-29T00:07:47","modified_gmt":"2019-01-29T00:07:47","slug":"mentalizar","status":"publish","type":"post","link":"http:\/\/psicologiaviva.com\/blog\/mentalizar\/","title":{"rendered":"Mentalizar"},"content":{"rendered":"<p style=\"text-align: justify;\"><span style=\"font-family: helvetica, arial, sans-serif;\"><a href=\"http:\/\/psicologiaviva.com\/blog\/\"><img fetchpriority=\"high\" decoding=\"async\" class=\"wp-image-1670 aligncenter\" src=\"http:\/\/psicologiaviva.com\/blog\/wp-content\/uploads\/2017\/05\/mentalizar-300x200.png\" alt=\"\" width=\"392\" height=\"261\" srcset=\"http:\/\/psicologiaviva.com\/blog\/wp-content\/uploads\/2017\/05\/mentalizar-300x200.png 300w, http:\/\/psicologiaviva.com\/blog\/wp-content\/uploads\/2017\/05\/mentalizar-272x182.png 272w, http:\/\/psicologiaviva.com\/blog\/wp-content\/uploads\/2017\/05\/mentalizar.png 600w\" sizes=\"(max-width: 392px) 100vw, 392px\" \/><\/a><\/span><\/p>\n<p>&nbsp;<\/p>\n<p style=\"text-align: justify;\"><span style=\"font-family: helvetica, arial, sans-serif;\"><a href=\"http:\/\/psicologiaviva.com\/blog\/\"><br \/>\n<\/a><span style=\"font-size: 14pt;\">Es una funci\u00f3n reflexiva, la toma de conciencia de un hecho, problema, situaci\u00f3n, etc., para que se\u00a0afronte adecuadamente. El t\u00e9rmino Mentalizar hace referencia a una de las capacidades m\u00e1s fascinantes, caracter\u00edsticas y distintivas del ser\u00a0humano: su tendencia para ir m\u00e1s all\u00e1 de la superficie de las cosas a partir del deseo de comprender el porqu\u00e9 de su\u00a0funcionamiento. <!--more-->Es\u00a0la habilidad humana de percibir, interpretar\u00a0y comprender tanto el propio funcionamiento como el de aquellos con los que nos relacionamos en t\u00e9rminos de \u201cestados\u00a0mentales intencionales\u201d, esto es, en t\u00e9rminos de necesidades, deseos, sentimientos, creencias, objetivos, prop\u00f3sitos. Tiene un componente autorreflexivo y tambi\u00e9n\u00a0un componente interpersonal, que nos da\u00a0la capacidad de distinguir la realidad interna de la externa, las formas de actuaci\u00f3n simuladas de las reales, y los procesos mentales y emocionales internos de las comunicaciones interpersonales.<\/span><\/span><\/p>\n<p>&nbsp;<\/p>\n<p style=\"text-align: justify;\"><span style=\"font-family: helvetica, arial, sans-serif; font-size: 14pt;\">Mentalizar supone pues enfatizar el hecho de que <strong>nuestras creencias, anhelos, deseos, sentimientos y pensamientos<\/strong>,\u00a0ya sean conscientes o inconscientes, <strong>determinan nuestra forma de funcionar<\/strong>. Lo cual conlleva situar el foco en los estados\u00a0mentales que determinan tanto nuestro modo de comportarnos como el modo en que se comporta la gente con\u00a0la que nos relacionamos.<\/span><\/p>\n<p style=\"text-align: justify;\"><span style=\"font-family: helvetica, arial, sans-serif; font-size: 14pt;\">La capacidad para mentalizar es por tanto una <strong>actividad imaginativa<\/strong>, muchas veces autom\u00e1tica, con frecuencia no\u00a0consciente, en funci\u00f3n de la cual inferimos las razones por la que nosotros mismos o las personas de nuestro entorno\u00a0funcionamos de la forma en que lo hacemos.<\/span><\/p>\n<p>&nbsp;<\/p>\n<p style=\"text-align: justify;\"><span style=\"font-family: helvetica, arial, sans-serif; font-size: 14pt;\">Esta funci\u00f3n reflexiva<strong> permite entender los malentendidos<\/strong>,\u00a0hace posible tener en mente la mente de otra persona, facilita ver al otro desde dentro y a nosotros mismos\u00a0desde fuera y, sobre todo, permite la fluidez y la profundidad en las relaciones interpersonales y <strong>la regulaci\u00f3n de los propios estados emocionales.\u00a0<\/strong><\/span><\/p>\n<p>&nbsp;<\/p>\n<p style=\"text-align: justify;\"><span style=\"font-family: helvetica, arial, sans-serif; font-size: 14pt;\">Efectivamente, <strong>cuando somos capaces de conectar con nuestras emociones y cuando somos capaces de comprender\u00a0por qu\u00e9 sentimos lo que sentimos, se hace posible entonces que esa emoci\u00f3n no sea desbordante, y se pueda modular\u00a0atenuar y manejar<\/strong>. Y del mismo modo, cuando somos capaces de empatizar con la emoci\u00f3n del otro y somos capaces\u00a0de vislumbrar las razones de ese sentimiento, se acrecienta entonces la posibilidad de comunicarnos y relacionarnos\u00a0interpersonalmente.<\/span><\/p>\n<p style=\"text-align: justify;\"><span style=\"font-family: helvetica, arial, sans-serif; font-size: 14pt;\">Nos hallamos as\u00ed ante un concepto que sonando en ocasiones excesivamente cognitivo, demasiado intelectual, hace\u00a0referencia b\u00e1sicamente a la posibilidad de las personas para mentalizar acerca de sus emociones y para mentalizar en\u00a0el contexto de estados intensamente emocionales, hasta el punto de que se podr\u00eda decir que mentalizar pasar\u00eda por\u00a0poder tener, no ya la mente en mente, sino la mente y el coraz\u00f3n en la mente y el coraz\u00f3n. Porque mentalizar no es\u00a0solo pensar acerca de lo que sentimos, sino tambi\u00e9n <strong>conectar<\/strong> con lo que sentimos al pensar ciertas cosas, entender\u00a0las razones por las que nos podemos sentir de tal o cual forma, conectar con emociones diversas (en ocasiones contradictorias),\u00a0y hacer el ejercicio de tratar de entender las razones y los sentimientos del otro, todo lo cual facilita la\u00a0regulaci\u00f3n emocional y un funcionamiento saludable.<\/span><\/p>\n<p>&nbsp;<\/p>\n<p style=\"text-align: justify;\"><span style=\"font-family: helvetica, arial, sans-serif; font-size: 14pt;\">Asimismo, podemos asumir la Mentalizaci\u00f3n como un concepto complejo, que englobar\u00eda en su interior una equilibrada\u00a0mezcla de <strong>mentalidad psicol\u00f3gica, conciencia afectiva, empat\u00eda y mindfulness<\/strong>, situ\u00e1ndose en el centro de todos\u00a0estos conceptos y tomando una parte de cada uno de ellos.<\/span><\/p>\n<ul style=\"text-align: justify;\">\n<li><span style=\"font-family: helvetica, arial, sans-serif; font-size: 14pt;\">La mentalidad psicol\u00f3gica, orientada fundamentalmente\u00a0hacia uno mismo de manera expl\u00edcita e intencionada, incluir\u00eda en una misma proporci\u00f3n elementos afectivos y<\/span><br \/>\n<span style=\"font-family: helvetica, arial, sans-serif; font-size: 14pt;\">cognitivos.<\/span><\/li>\n<li><span style=\"font-family: helvetica, arial, sans-serif; font-size: 14pt;\">La conciencia afectiva ser\u00eda similar, pero primando en ella el componente emocional sobre el racional.<\/span><\/li>\n<li><span style=\"font-family: helvetica, arial, sans-serif; font-size: 14pt;\"><strong>La\u00a0empat\u00eda puede darse de una forma intuitiva y autom\u00e1tica o bien de un modo controlado e intencional<\/strong>. En cualquier\u00a0caso, empatizamos con alguien (es un proceso dirigido hacia el otro, y no hacia uno mismo) conectando con lo que\u00a0\u00e9ste siente (se trata de algo fundamentalmente emocional).<\/span><\/li>\n<li><span style=\"font-family: helvetica, arial, sans-serif; font-size: 14pt;\">Finalmente, mindfulness es un t\u00e9rmino que se refiere a una\u00a0actividad claramente controlada o intencional en la que la atenci\u00f3n est\u00e1 centrada en uno mismo con el objetivo de\u00a0hacer conscientes elementos tanto emocionales como cognitivos. La capacidad de mentalizar englobar\u00eda todos estos\u00a0aspectos, basculando de una forma din\u00e1mica de unos a otros en funci\u00f3n de diversas variables internas y externas.<\/span><\/li>\n<\/ul>\n<p>&nbsp;<\/p>\n<p style=\"text-align: justify;\"><span style=\"font-family: helvetica, arial, sans-serif; font-size: 14pt;\">Pueden delimitarse con claridad <strong>cuatro dimensiones\u00a0o polaridades b\u00e1sicas<\/strong> en la capacidad de mentalizaci\u00f3n\u00a0y que implican la activaci\u00f3n de\u00a0diferentes \u00e1reas cerebrales.\u00a0Un funcionamiento\u00a0saludable precisar\u00eda de la posibilidad de\u00a0ajustar de modo flexible cada una de estas dimensiones\u00a0en funci\u00f3n de las circunstancias intraps\u00edquicas\u00a0e interpersonales en las que nos encontramos\u00a0en cada momento.<\/span><\/p>\n<p>&nbsp;<\/p>\n<p style=\"text-align: justify;\"><span style=\"font-family: helvetica, arial, sans-serif; font-size: 14pt;\"><strong>Estas dimensiones ser\u00edan<\/strong> (ver Figura):<\/span><\/p>\n<ol style=\"text-align: justify;\">\n<li><span style=\"font-family: helvetica, arial, sans-serif; font-size: 14pt;\">La que va de un polo autom\u00e1tico\/impl\u00edcito\/intuitivo a un polo controlado\/expl\u00edcito.<\/span><\/li>\n<li><span style=\"font-family: helvetica, arial, sans-serif; font-size: 14pt;\">La que va de un polo afectivo\/emocional a un polo cognitivo\/racional<\/span><\/li>\n<li><span style=\"font-family: helvetica, arial, sans-serif; font-size: 14pt;\">La que va de un polo centrado en uno mismo a un polo centrado en los otros con los que nos relacionamos.<\/span><\/li>\n<li><span style=\"font-family: helvetica, arial, sans-serif; font-size: 14pt;\">La que va de un polo centrado en aspectos internos (de uno mismo o de los otros) a un polo centrado en aspectos externos (de uno mismo o de los otros)<\/span><\/li>\n<\/ol>\n<p>&nbsp;<\/p>\n<p style=\"text-align: justify;\"><span style=\"font-family: helvetica, arial, sans-serif; font-size: 14pt;\">Una buena capacidad de mentalizaci\u00f3n requerir\u00eda\u00a0adaptar cada una de estas dimensiones, de un modo\u00a0flexible, a cada contexto determinado<\/span><\/p>\n<p style=\"text-align: justify;\"><span style=\"font-family: helvetica, arial, sans-serif; font-size: 14pt;\"><img decoding=\"async\" class=\"size-full wp-image-1666 aligncenter\" src=\"http:\/\/psicologiaviva.com\/blog\/wp-content\/uploads\/2017\/04\/mentalizar.jpg\" alt=\"\" width=\"470\" height=\"464\" srcset=\"http:\/\/psicologiaviva.com\/blog\/wp-content\/uploads\/2017\/04\/mentalizar.jpg 470w, http:\/\/psicologiaviva.com\/blog\/wp-content\/uploads\/2017\/04\/mentalizar-300x296.jpg 300w\" sizes=\"(max-width: 470px) 100vw, 470px\" \/><\/span><\/p>\n<p>&nbsp;<\/p>\n<p><a href=\"http:\/\/psicologiaviva.com\/blog\/glosario-de-conceptos-en-mbt\/\"><span style=\"font-family: helvetica, arial, sans-serif; font-size: 14pt;\">Glosario sobre la terapia de Mentalizaci\u00f3n<\/span><\/a><\/p>\n<p style=\"text-align: justify;\"><a href=\"http:\/\/scielo.isciii.es\/scielo.php?script=sci_arttext&amp;pid=S1578-908X2013000100003\" target=\"_blank\" rel=\"noopener\"><span style=\"font-family: helvetica, arial, sans-serif; font-size: 14pt;\">Art\u00edculo sobre Mentalizar y Apego<\/span><\/a><\/p>\n<p style=\"text-align: right;\"><span style=\"color: #800080; font-family: helvetica, arial, sans-serif; font-size: 14pt;\"><strong>Aura Marqu\u00e9s<\/strong><\/span><br \/>\n<span style=\"font-family: helvetica, arial, sans-serif; font-size: 14pt;\">Psic\u00f3loga y terapeuta Emocional<\/span><\/p>\n<p style=\"text-align: justify;\"><span style=\"font-family: helvetica, arial, sans-serif; font-size: 14pt;\"><strong>www.psicologiaviva.com<\/strong><\/span><\/p>\n","protected":false},"excerpt":{"rendered":"<p>&nbsp; Es una funci\u00f3n reflexiva, la toma de conciencia de un hecho, problema, situaci\u00f3n, etc., para que se\u00a0afronte adecuadamente. El t\u00e9rmino Mentalizar hace referencia a una de las capacidades m\u00e1s fascinantes, caracter\u00edsticas y distintivas del ser\u00a0humano: su tendencia para ir [&hellip;]<\/p>\n","protected":false},"author":1,"featured_media":1670,"comment_status":"open","ping_status":"open","sticky":false,"template":"","format":"standard","meta":{"jetpack_post_was_ever_published":false,"_jetpack_newsletter_access":"","_jetpack_dont_email_post_to_subs":false,"_jetpack_newsletter_tier_id":0,"_jetpack_memberships_contains_paywalled_content":false,"_jetpack_memberships_contains_paid_content":false,"footnotes":"","jetpack_publicize_message":"","jetpack_publicize_feature_enabled":true,"jetpack_social_post_already_shared":true,"jetpack_social_options":{"image_generator_settings":{"template":"highway","default_image_id":0,"font":"","enabled":false},"version":2}},"categories":[4,42,23,31,14],"tags":[],"class_list":["post-1665","post","type-post","status-publish","format-standard","has-post-thumbnail","hentry","category-emociones","category-mentalizar","category-mindfulness","category-psicoterapia","category-trastornos-emocionales"],"aioseo_notices":[],"jetpack_publicize_connections":[],"jetpack_featured_media_url":"http:\/\/psicologiaviva.com\/blog\/wp-content\/uploads\/2017\/05\/mentalizar.png","jetpack_sharing_enabled":true,"jetpack_shortlink":"https:\/\/wp.me\/p6Upkr-qR","jetpack_likes_enabled":false,"_links":{"self":[{"href":"http:\/\/psicologiaviva.com\/blog\/wp-json\/wp\/v2\/posts\/1665","targetHints":{"allow":["GET"]}}],"collection":[{"href":"http:\/\/psicologiaviva.com\/blog\/wp-json\/wp\/v2\/posts"}],"about":[{"href":"http:\/\/psicologiaviva.com\/blog\/wp-json\/wp\/v2\/types\/post"}],"author":[{"embeddable":true,"href":"http:\/\/psicologiaviva.com\/blog\/wp-json\/wp\/v2\/users\/1"}],"replies":[{"embeddable":true,"href":"http:\/\/psicologiaviva.com\/blog\/wp-json\/wp\/v2\/comments?post=1665"}],"version-history":[{"count":0,"href":"http:\/\/psicologiaviva.com\/blog\/wp-json\/wp\/v2\/posts\/1665\/revisions"}],"wp:featuredmedia":[{"embeddable":true,"href":"http:\/\/psicologiaviva.com\/blog\/wp-json\/wp\/v2\/media\/1670"}],"wp:attachment":[{"href":"http:\/\/psicologiaviva.com\/blog\/wp-json\/wp\/v2\/media?parent=1665"}],"wp:term":[{"taxonomy":"category","embeddable":true,"href":"http:\/\/psicologiaviva.com\/blog\/wp-json\/wp\/v2\/categories?post=1665"},{"taxonomy":"post_tag","embeddable":true,"href":"http:\/\/psicologiaviva.com\/blog\/wp-json\/wp\/v2\/tags?post=1665"}],"curies":[{"name":"wp","href":"https:\/\/api.w.org\/{rel}","templated":true}]}}