{"id":2550,"date":"2018-06-24T18:46:08","date_gmt":"2018-06-24T18:46:08","guid":{"rendered":"http:\/\/psicologiaviva.com\/blog\/?p=2550"},"modified":"2019-01-28T11:54:11","modified_gmt":"2019-01-28T11:54:11","slug":"factores-de-riesgo-en-intervinientes","status":"publish","type":"post","link":"http:\/\/psicologiaviva.com\/blog\/factores-de-riesgo-en-intervinientes\/","title":{"rendered":"Factores de riesgo en intervinientes"},"content":{"rendered":"<p style=\"text-align: justify;\"><span style=\"font-family: helvetica, arial, sans-serif; font-size: 14pt;\"><a href=\"http:\/\/psicologiaviva.com\/blog\"><img decoding=\"async\" class=\" wp-image-2553 aligncenter\" src=\"http:\/\/psicologiaviva.com\/blog\/wp-content\/uploads\/2018\/06\/intervinientes-300x258.jpg\" alt=\"\" width=\"237\" height=\"204\" \/><\/a><\/span><\/p>\n<p>&nbsp;<\/p>\n<p style=\"text-align: justify;\"><span style=\"font-family: helvetica, arial, sans-serif; font-size: 14pt;\">Tras enfrentarnos a situaciones de gran dureza emocional tenemos\u00a0que tener claro que:\u00a0Nosotros y nuestras reacciones son normales, lo anormal es la\u00a0situaci\u00f3n excepcional y desproporcionada que acabamos de vivir. Existen factores que pueden aumentar las probabilidades de padecer alguna de<a href=\"http:\/\/psicologiaviva.com\/blog\/ayuda-a-intervinientes-en-catastrofes-i-parte\/\"> las reacciones descritas anteriormente<\/a> y que pueden ser personales,\u00a0situacionales, organizacionales\u2026<\/span><\/p>\n<p style=\"text-align: justify;\"><span style=\"font-family: helvetica, arial, sans-serif; font-size: 14pt;\"><!--more-->Os describo algunos factores importantes:<\/span><\/p>\n<p style=\"text-align: justify;\"><span style=\"font-family: helvetica, arial, sans-serif; font-size: 14pt;\"><strong>Factores personales de riesgo:<\/strong><\/span><\/p>\n<ul>\n<li style=\"text-align: justify;\"><span style=\"font-family: helvetica, arial, sans-serif; font-size: 14pt;\">Estar atravesando un momento vital estresante (una p\u00e9rdida personal o material,<\/span><br \/>\n<span style=\"font-family: helvetica, arial, sans-serif; font-size: 14pt;\">el nacimiento de un hijo o de una hija, la p\u00e9rdida de empleo, un divorcio,<\/span><br \/>\n<span style=\"font-family: helvetica, arial, sans-serif; font-size: 14pt;\">padecer una enfermedad cr\u00f3nica&#8230;) que pueda interferir en la intervenci\u00f3n.<\/span><\/li>\n<li style=\"text-align: justify;\"><span style=\"font-family: helvetica, arial, sans-serif; font-size: 14pt;\">Tener antecedentes de enfermedades relacionadas con la salud mental o<\/span><br \/>\n<span style=\"font-family: helvetica, arial, sans-serif; font-size: 14pt;\">presencia de una disfunci\u00f3n psicol\u00f3gica en el momento del suceso.<\/span><\/li>\n<li style=\"text-align: justify;\"><span style=\"font-family: helvetica, arial, sans-serif; font-size: 14pt;\">Inestabilidad emocional, baja autoestima, baja asertividad.<\/span><\/li>\n<li style=\"text-align: justify;\"><span style=\"font-family: helvetica, arial, sans-serif; font-size: 14pt;\">Escasos mecanismos para enfrentar el estr\u00e9s. Baja tolerancia a la frustraci\u00f3n.<\/span><\/li>\n<li style=\"text-align: justify;\"><span style=\"font-family: helvetica, arial, sans-serif; font-size: 14pt;\">Inseguridad. Inexperiencia.<\/span><\/li>\n<li style=\"text-align: justify;\"><span style=\"font-family: helvetica, arial, sans-serif; font-size: 14pt;\">Carecer de apoyo social: amistades, familia, colegas\u2026<\/span><\/li>\n<li style=\"text-align: justify;\"><span style=\"font-family: helvetica, arial, sans-serif; font-size: 14pt;\">Malas condiciones f\u00edsicas. Esfuerzos muy exigentes.<\/span><\/li>\n<li style=\"text-align: justify;\"><span style=\"font-family: helvetica, arial, sans-serif; font-size: 14pt;\">Efectos acumulativos de incidentes cr\u00edticos. Incidentes cr\u00edticos no superados.<\/span><\/li>\n<li style=\"text-align: justify;\"><span style=\"font-family: helvetica, arial, sans-serif; font-size: 14pt;\">Exceso de responsabilidad, perfeccionismo.<\/span><\/li>\n<li style=\"text-align: justify;\"><span style=\"font-family: helvetica, arial, sans-serif; font-size: 14pt;\">Generar expectativas desajustadas en las intervenciones: idealizar la ayuda<\/span><br \/>\n<span style=\"font-family: helvetica, arial, sans-serif; font-size: 14pt;\">prestada, minimizar los resultados obtenidos aumentando la sensaci\u00f3n de<\/span><br \/>\n<span style=\"font-family: helvetica, arial, sans-serif; font-size: 14pt;\">impotencia\u2026<\/span><\/li>\n<li style=\"text-align: justify;\"><span style=\"font-family: helvetica, arial, sans-serif; font-size: 14pt;\">Sufrir lesiones durante la intervenci\u00f3n que obliguen a ser retirado\/a del lugar<\/span><br \/>\n<span style=\"font-family: helvetica, arial, sans-serif; font-size: 14pt;\">provocando frustraci\u00f3n y culpa.<\/span><\/li>\n<li style=\"text-align: justify;\"><span style=\"font-family: helvetica, arial, sans-serif; font-size: 14pt;\">B\u00fasqueda de sensaciones fuertes, de gratificaci\u00f3n inmediata y actividades<\/span><br \/>\n<span style=\"font-family: helvetica, arial, sans-serif; font-size: 14pt;\">de riesgo.<\/span><\/li>\n<\/ul>\n<p>&nbsp;<\/p>\n<p><span style=\"font-family: helvetica, arial, sans-serif; font-size: 14pt;\"><strong>Factores ligados al incidente:<\/strong><\/span><\/p>\n<ul>\n<li style=\"text-align: justify;\"><span style=\"font-family: helvetica, arial, sans-serif; font-size: 14pt;\">Falta de informaci\u00f3n sobre el acontecimiento.<\/span><\/li>\n<li style=\"text-align: justify;\"><span style=\"font-family: helvetica, arial, sans-serif; font-size: 14pt;\">El tipo de incidente (los incidentes tecnol\u00f3gicos producen m\u00e1s estr\u00e9s que los<\/span><br \/>\n<span style=\"font-family: helvetica, arial, sans-serif; font-size: 14pt;\">naturales).<\/span><\/li>\n<li style=\"text-align: justify;\"><span style=\"font-family: helvetica, arial, sans-serif; font-size: 14pt;\">El momento del d\u00eda (de noche la respuesta es m\u00e1s lenta y confusa).<\/span><\/li>\n<li style=\"text-align: justify;\"><span style=\"font-family: helvetica, arial, sans-serif; font-size: 14pt;\">La duraci\u00f3n e intensidad. La magnitud de la cat\u00e1strofe.<\/span><\/li>\n<li style=\"text-align: justify;\"><span style=\"font-family: helvetica, arial, sans-serif; font-size: 14pt;\">Gran n\u00famero de v\u00edctimas. Estado en el que se encuentran las v\u00edctimas.<\/span><\/li>\n<li style=\"text-align: justify;\"><span style=\"font-family: helvetica, arial, sans-serif; font-size: 14pt;\">Encontrar cad\u00e1veres de ni\u00f1os\/as. Encontrar personas conocidas entre las<\/span><br \/>\n<span style=\"font-family: helvetica, arial, sans-serif; font-size: 14pt;\">v\u00edctimas.<\/span><\/li>\n<li style=\"text-align: justify;\"><span style=\"font-family: helvetica, arial, sans-serif; font-size: 14pt;\">Identificaci\u00f3n personal con la v\u00edctima (por edad, nacionalidad\u2026).<\/span><\/li>\n<li style=\"text-align: justify;\"><span style=\"font-family: helvetica, arial, sans-serif; font-size: 14pt;\">Muerte o heridas graves de un\/a colega de intervenci\u00f3n.<\/span><\/li>\n<li style=\"text-align: justify;\"><span style=\"font-family: helvetica, arial, sans-serif; font-size: 14pt;\">Formar parte de los primeros equipos de profesionales que intervienen.<\/span><\/li>\n<li style=\"text-align: justify;\"><span style=\"font-family: helvetica, arial, sans-serif; font-size: 14pt;\">Aumento de la presi\u00f3n emocional por la presencia de medios de comunicaci\u00f3n<\/span><br \/>\n<span style=\"font-family: helvetica, arial, sans-serif; font-size: 14pt;\">social y curiosos en la escena.<\/span><\/li>\n<\/ul>\n<p>&nbsp;<\/p>\n<p><span style=\"font-family: helvetica, arial, sans-serif; font-size: 14pt;\"><strong>Factores organizacionales:<\/strong><\/span><\/p>\n<ul>\n<li><span style=\"font-family: helvetica, arial, sans-serif; font-size: 14pt;\">Insuficiente informaci\u00f3n sobre el acontecimiento.<\/span><\/li>\n<li><span style=\"font-family: helvetica, arial, sans-serif; font-size: 14pt;\">Falta de equipamiento adecuado.<\/span><\/li>\n<li><span style=\"font-family: helvetica, arial, sans-serif; font-size: 14pt;\">Presi\u00f3n ocupacional: la necesidad de desarrollar muchas tareas de forma<\/span><br \/>\n<span style=\"font-family: helvetica, arial, sans-serif; font-size: 14pt;\">r\u00e1pida y adecuada. Tener que realizar tareas para las que no ha sido preparado\/a.<\/span><\/li>\n<li><span style=\"font-family: helvetica, arial, sans-serif; font-size: 14pt;\">Demandas del trabajo que requieran gran esfuerzo f\u00edsico y mental por largo<\/span><br \/>\n<span style=\"font-family: helvetica, arial, sans-serif; font-size: 14pt;\">tiempo y en condiciones adversas.<\/span><\/li>\n<li><span style=\"font-family: helvetica, arial, sans-serif; font-size: 14pt;\">Interferencia en las funciones: cuando equipos de diferentes instituciones\u00a0trabajan juntos, o cuando existe rivalidad entre ellos e intenten imponer sus\u00a0estilos y procedimientos o traten de captar la atenci\u00f3n de los medios de comunicaci\u00f3n<\/span><br \/>\n<span style=\"font-family: helvetica, arial, sans-serif; font-size: 14pt;\">social.<\/span><\/li>\n<li><span style=\"font-family: helvetica, arial, sans-serif; font-size: 14pt;\">Ambig\u00fcedad en la tarea: \u00f3rdenes confusas, falta de liderazgo.<\/span><\/li>\n<li><span style=\"font-family: helvetica, arial, sans-serif; font-size: 14pt;\">Existencia de conflictos laborales.<\/span><\/li>\n<li><span style=\"font-family: helvetica, arial, sans-serif; font-size: 14pt;\">Bajas recompensas: cuando su trabajo no es reconocido socialmente de forma<\/span><br \/>\n<span style=\"font-family: helvetica, arial, sans-serif; font-size: 14pt;\">oportuna.<\/span><\/li>\n<li><span style=\"font-family: helvetica, arial, sans-serif; font-size: 14pt;\">Falta de valoraci\u00f3n, por parte de los superiores, del trabajo realizado.<\/span><\/li>\n<\/ul>\n<p style=\"text-align: right;\"><span style=\"color: #800080; font-family: helvetica, arial, sans-serif; font-size: 14pt;\"><strong>Aura Marqu\u00e9s\u00a0<\/strong><\/span><br \/>\n<span style=\"font-family: helvetica, arial, sans-serif; font-size: 14pt;\">Psic\u00f3loga General Sanitaria y Terapeuta Emocional.<\/span><br \/>\n<span style=\"font-family: helvetica, arial, sans-serif; font-size: 14pt;\">Experta en Psicolog\u00eda de Emergencias y Cat\u00e1strofes.<\/span><br \/>\n<span style=\"font-family: helvetica, arial, sans-serif; font-size: 14pt;\">Palma de Mallorca.<\/span><\/p>\n","protected":false},"excerpt":{"rendered":"<p>&nbsp; Tras enfrentarnos a situaciones de gran dureza emocional tenemos\u00a0que tener claro que:\u00a0Nosotros y nuestras reacciones son normales, lo anormal es la\u00a0situaci\u00f3n excepcional y desproporcionada que acabamos de vivir. Existen factores que pueden aumentar las probabilidades de padecer alguna de [&hellip;]<\/p>\n","protected":false},"author":1,"featured_media":0,"comment_status":"open","ping_status":"open","sticky":false,"template":"","format":"standard","meta":{"jetpack_post_was_ever_published":false,"_jetpack_newsletter_access":"","_jetpack_dont_email_post_to_subs":false,"_jetpack_newsletter_tier_id":0,"_jetpack_memberships_contains_paywalled_content":false,"_jetpack_memberships_contains_paid_content":false,"footnotes":"","jetpack_publicize_message":"","jetpack_publicize_feature_enabled":true,"jetpack_social_post_already_shared":true,"jetpack_social_options":{"image_generator_settings":{"template":"highway","default_image_id":0,"font":"","enabled":false},"version":2}},"categories":[3,47],"tags":[],"class_list":["post-2550","post","type-post","status-publish","format-standard","hentry","category-emergencias","category-intervinientes"],"aioseo_notices":[],"jetpack_publicize_connections":[],"jetpack_featured_media_url":"","jetpack_sharing_enabled":true,"jetpack_shortlink":"https:\/\/wp.me\/p6Upkr-F8","jetpack_likes_enabled":false,"_links":{"self":[{"href":"http:\/\/psicologiaviva.com\/blog\/wp-json\/wp\/v2\/posts\/2550","targetHints":{"allow":["GET"]}}],"collection":[{"href":"http:\/\/psicologiaviva.com\/blog\/wp-json\/wp\/v2\/posts"}],"about":[{"href":"http:\/\/psicologiaviva.com\/blog\/wp-json\/wp\/v2\/types\/post"}],"author":[{"embeddable":true,"href":"http:\/\/psicologiaviva.com\/blog\/wp-json\/wp\/v2\/users\/1"}],"replies":[{"embeddable":true,"href":"http:\/\/psicologiaviva.com\/blog\/wp-json\/wp\/v2\/comments?post=2550"}],"version-history":[{"count":0,"href":"http:\/\/psicologiaviva.com\/blog\/wp-json\/wp\/v2\/posts\/2550\/revisions"}],"wp:attachment":[{"href":"http:\/\/psicologiaviva.com\/blog\/wp-json\/wp\/v2\/media?parent=2550"}],"wp:term":[{"taxonomy":"category","embeddable":true,"href":"http:\/\/psicologiaviva.com\/blog\/wp-json\/wp\/v2\/categories?post=2550"},{"taxonomy":"post_tag","embeddable":true,"href":"http:\/\/psicologiaviva.com\/blog\/wp-json\/wp\/v2\/tags?post=2550"}],"curies":[{"name":"wp","href":"https:\/\/api.w.org\/{rel}","templated":true}]}}