{"id":2556,"date":"2018-06-25T18:48:37","date_gmt":"2018-06-25T18:48:37","guid":{"rendered":"http:\/\/psicologiaviva.com\/blog\/?p=2556"},"modified":"2023-05-07T20:45:51","modified_gmt":"2023-05-07T20:45:51","slug":"el-abrazo-de-la-mariposa","status":"publish","type":"post","link":"http:\/\/psicologiaviva.com\/blog\/el-abrazo-de-la-mariposa\/","title":{"rendered":"El abrazo de la mariposa"},"content":{"rendered":"<p style=\"text-align: justify;\"><span style=\"font-family: helvetica, arial, sans-serif;\"><a href=\"http:\/\/psicologiaviva.com\/blog\"><img fetchpriority=\"high\" decoding=\"async\" class=\" wp-image-2557 aligncenter\" src=\"http:\/\/psicologiaviva.com\/blog\/wp-content\/uploads\/2018\/06\/abrazo-mariposa-300x200.jpg\" alt=\"\" width=\"371\" height=\"247\" srcset=\"http:\/\/psicologiaviva.com\/blog\/wp-content\/uploads\/2018\/06\/abrazo-mariposa-300x200.jpg 300w, http:\/\/psicologiaviva.com\/blog\/wp-content\/uploads\/2018\/06\/abrazo-mariposa-768x512.jpg 768w, http:\/\/psicologiaviva.com\/blog\/wp-content\/uploads\/2018\/06\/abrazo-mariposa-624x416.jpg 624w, http:\/\/psicologiaviva.com\/blog\/wp-content\/uploads\/2018\/06\/abrazo-mariposa-272x182.jpg 272w, http:\/\/psicologiaviva.com\/blog\/wp-content\/uploads\/2018\/06\/abrazo-mariposa.jpg 960w\" sizes=\"(max-width: 371px) 100vw, 371px\" \/><\/a><\/span><\/p>\n<p>&nbsp;<\/p>\n<p style=\"text-align: justify;\"><span style=\"font-size: 14pt; font-family: helvetica, arial, sans-serif;\">\u201cPor favor, date un Abrazo de la Mariposa por m\u00ed\u201d. En estos momentos que no podemos ni acercarnos unos a otros, este m\u00e9todo se esta empleando para calmar\u00a0 o desensibilizar en adultos y ni\u00f1os el gran malestar reinante. <\/span><\/p>\n<p style=\"text-align: justify;\"><span style=\"font-size: 14pt; font-family: helvetica, arial, sans-serif;\">Es un m\u00e9todo que nos puede ayudar a digerir todo lo que hemos vivido y o\u00eddo. <\/span><\/p>\n<p style=\"text-align: justify;\"><span style=\"font-size: 14pt; font-family: helvetica, arial, sans-serif;\">A veces a las digestiones pesadas hacer falta ayuda para que no provoque malestar, nerviosismo, dolor de tripa, cabeza, inquietud, pensamientos feos.<\/span><\/p>\n<p>&nbsp;<\/p>\n<p style=\"text-align: justify;\"><span style=\"font-family: helvetica, arial, sans-serif;\"><!--more--><\/span><\/p>\n<div id=\"ez-toc-container\" class=\"ez-toc-v2_0_82_2 counter-hierarchy ez-toc-counter ez-toc-grey ez-toc-container-direction\">\n<p class=\"ez-toc-title\" style=\"cursor:inherit\"><\/p>\n<label for=\"ez-toc-cssicon-toggle-item-69f45167b9442\" class=\"ez-toc-cssicon-toggle-label\"><span class=\"\"><span class=\"eztoc-hide\" style=\"display:none;\">Toggle<\/span><span class=\"ez-toc-icon-toggle-span\"><svg style=\"fill: #999;color:#999\" xmlns=\"http:\/\/www.w3.org\/2000\/svg\" class=\"list-377408\" width=\"20px\" height=\"20px\" viewBox=\"0 0 24 24\" fill=\"none\"><path d=\"M6 6H4v2h2V6zm14 0H8v2h12V6zM4 11h2v2H4v-2zm16 0H8v2h12v-2zM4 16h2v2H4v-2zm16 0H8v2h12v-2z\" fill=\"currentColor\"><\/path><\/svg><svg style=\"fill: #999;color:#999\" class=\"arrow-unsorted-368013\" xmlns=\"http:\/\/www.w3.org\/2000\/svg\" width=\"10px\" height=\"10px\" viewBox=\"0 0 24 24\" version=\"1.2\" baseProfile=\"tiny\"><path d=\"M18.2 9.3l-6.2-6.3-6.2 6.3c-.2.2-.3.4-.3.7s.1.5.3.7c.2.2.4.3.7.3h11c.3 0 .5-.1.7-.3.2-.2.3-.5.3-.7s-.1-.5-.3-.7zM5.8 14.7l6.2 6.3 6.2-6.3c.2-.2.3-.5.3-.7s-.1-.5-.3-.7c-.2-.2-.4-.3-.7-.3h-11c-.3 0-.5.1-.7.3-.2.2-.3.5-.3.7s.1.5.3.7z\"\/><\/svg><\/span><\/span><\/label><input type=\"checkbox\"  id=\"ez-toc-cssicon-toggle-item-69f45167b9442\"  aria-label=\"Alternar\" \/><nav><ul class='ez-toc-list ez-toc-list-level-1 ' ><li class='ez-toc-page-1 ez-toc-heading-level-2'><a class=\"ez-toc-link ez-toc-heading-1\" href=\"http:\/\/psicologiaviva.com\/blog\/el-abrazo-de-la-mariposa\/#%C2%BFQue_es_el_abrazo_de_la_mariposa\" >\u00bfQu\u00e9 es el abrazo de la mariposa?<\/a><\/li><li class='ez-toc-page-1 ez-toc-heading-level-2'><a class=\"ez-toc-link ez-toc-heading-2\" href=\"http:\/\/psicologiaviva.com\/blog\/el-abrazo-de-la-mariposa\/#%C2%BFComo_se_realiza\" >\u00bfC\u00f3mo se realiza?<\/a><ul class='ez-toc-list-level-3' ><li class='ez-toc-heading-level-3'><a class=\"ez-toc-link ez-toc-heading-3\" href=\"http:\/\/psicologiaviva.com\/blog\/el-abrazo-de-la-mariposa\/#Os_dejo_2_Videos_de_como_se_hace\" >Os dejo 2 V\u00eddeos de c\u00f3mo se hace<\/a><\/li><\/ul><\/li><li class='ez-toc-page-1 ez-toc-heading-level-2'><a class=\"ez-toc-link ez-toc-heading-4\" href=\"http:\/\/psicologiaviva.com\/blog\/el-abrazo-de-la-mariposa\/#%C2%BFCuando_hacer_el_abrazo_de_la_mariposa\" >\u00bfCuando hacer el abrazo de la mariposa?<\/a><\/li><li class='ez-toc-page-1 ez-toc-heading-level-2'><a class=\"ez-toc-link ez-toc-heading-5\" href=\"http:\/\/psicologiaviva.com\/blog\/el-abrazo-de-la-mariposa\/#En_que_contextos_puede_ser_usado\" >En qu\u00e9 contextos puede ser usado<\/a><\/li><li class='ez-toc-page-1 ez-toc-heading-level-2'><a class=\"ez-toc-link ez-toc-heading-6\" href=\"http:\/\/psicologiaviva.com\/blog\/el-abrazo-de-la-mariposa\/#%C2%BFDonde_ha_sido_usado\" >\u00bfD\u00f3nde ha sido usado?<\/a><\/li><li class='ez-toc-page-1 ez-toc-heading-level-2'><a class=\"ez-toc-link ez-toc-heading-7\" href=\"http:\/\/psicologiaviva.com\/blog\/el-abrazo-de-la-mariposa\/#Donar_a_la_autora\" >Donar a la autora,<\/a><\/li><\/ul><\/nav><\/div>\n<h2 style=\"text-align: justify;\"><span class=\"ez-toc-section\" id=\"%C2%BFQue_es_el_abrazo_de_la_mariposa\"><\/span><span style=\"font-family: helvetica, arial, sans-serif;\">\u00bfQu\u00e9 es el abrazo de la mariposa?<\/span><span class=\"ez-toc-section-end\"><\/span><\/h2>\n<p style=\"text-align: justify;\"><span style=\"font-size: 14pt; font-family: helvetica, arial, sans-serif;\">Es un recurso para la <a href=\"http:\/\/psicologiaviva.com\/blog\/maneras-de-regulacion-emocional\/\" target=\"_blank\" rel=\"noopener\">autorregulaci\u00f3n emocional<\/a>. El abrazo de la mariposa ayuda en el proceso de las emociones y o sensaciones f\u00edsicas desagradables o molestas producidas por las <a href=\"http:\/\/psicologiaviva.com\/blog\/que-es-emdr\/\" target=\"_blank\" rel=\"noopener\">experiencias vividas perturbadoras o abrumadoras.<\/a><\/span><br \/>\n<span style=\"font-size: 14pt; font-family: helvetica, arial, sans-serif;\">Una t\u00e9cnica que ha tenido una utilidad demostrada en situaciones de emergencias y cat\u00e1strofes, usada tanto con las personas afectadas como con los intervinientes. <\/span><\/p>\n<p style=\"text-align: justify;\"><span style=\"font-size: 14pt; font-family: helvetica, arial, sans-serif;\">Se puede hacer individualmente o en grupo , en privado o compartiendo la experiencia.<\/span><br \/>\n<span style=\"font-size: 14pt; font-family: helvetica, arial, sans-serif;\">El abrazo de la Mariposa estimula diversos puntos de acupuntura: Meridiano del\u00a0Ri\u00f1\u00f3n 23,24,25,26 y 27 y Meridiano del Est\u00f3mago 13,14,15,16 y 17. Cada uno de\u00a0ellos con muchos beneficios.<\/span><\/p>\n<p style=\"text-align: justify;\"><span style=\"font-size: 14pt; font-family: helvetica, arial, sans-serif;\">El Abrazo de la Mariposa fue originado y desarrollado por Lucina (Lucy) Artigas, durante el trabajo realizado en Acapulco, Guerrero (M\u00e9xico), con los sobrevivientes del hurac\u00e1n Paulina en 1997.(Artigas et al. 2000; Boel, 1999).<\/span><br \/>\n<span style=\"font-size: 14pt; font-family: helvetica, arial, sans-serif;\">Por la creaci\u00f3n y el desarrollo del Abrazo de la Mariposa, Lucina Artigas fue honrada\u00a0con el Premio a la Innovaci\u00f3n Creativa de la EMDR International Association\u00a0(EMDRIA), en el a\u00f1o 2000.<\/span><\/p>\n<p>&nbsp;<\/p>\n<h2><span class=\"ez-toc-section\" id=\"%C2%BFComo_se_realiza\"><\/span><span style=\"font-family: helvetica, arial, sans-serif;\">\u00bfC\u00f3mo se realiza?<\/span><span class=\"ez-toc-section-end\"><\/span><\/h2>\n<p style=\"text-align: justify;\"><span style=\"font-size: 14pt; font-family: helvetica, arial, sans-serif;\">El Abrazo de la Mariposa, es una Estimulaci\u00f3n de Atenci\u00f3n Dual (EAD) que consiste en cruzar los brazos sobre el pecho. <\/span><\/p>\n<p style=\"text-align: justify;\"><span style=\"font-size: 14pt; font-family: helvetica, arial, sans-serif;\">La punta del dedo medio de cada mano debe de quedar bajo la clav\u00edcula y el resto de los dedos y la mano deben de cubrir el\u00a0\u00e1rea que se encuentra debajo de la uni\u00f3n de la clav\u00edcula con el hombro y de la\u00a0clav\u00edcula con el estern\u00f3n, para ello, mano y dedos deben de estar lo m\u00e1s\u00a0verticalmente posible (los dedos dirigidos hacia el cuello y NO hacia los brazos).<\/span><br \/>\n<span style=\"font-size: 14pt; font-family: helvetica, arial, sans-serif;\">Una vez hecho esto, se pueden entrelazar los dedos pulgares (formando el cuerpo de la mariposa) y los otros dedos formar\u00e1n sus alas.<\/span><\/p>\n<p style=\"text-align: justify;\"><span style=\"font-size: 14pt; font-family: helvetica, arial, sans-serif;\">Se pueden cerrar los ojos o tenerlos semicerrados, viendo hacia la punta de la\u00a0nariz.<\/span><br \/>\n<span style=\"font-size: 14pt; font-family: helvetica, arial, sans-serif;\">A continuaci\u00f3n, se mueven las manos en un ritmo alternado, como si fuera el aleteo\u00a0de una mariposa.<\/span><br \/>\n<span style=\"font-size: 14pt; font-family: helvetica, arial, sans-serif;\">Se respira suave y profundamente (respiraci\u00f3n abdominal); mientras se observa lo\u00a0que pasa por la mente y por el cuerpo (pensamientos, im\u00e1genes, sonidos, olores,\u00a0afectos y sensaciones f\u00edsicas). <\/span><\/p>\n<p style=\"text-align: justify;\"><span style=\"font-size: 14pt; font-family: helvetica, arial, sans-serif;\">Sin cambiarlo, sin juzgarlo y sin reprimirlo. Como si\u00a0observaran nubes que pasan en el cielo.\u00a0La duraci\u00f3n de este ejercicio la elige la persona.<\/span><\/p>\n<p>&nbsp;<\/p>\n<h3><span class=\"ez-toc-section\" id=\"Os_dejo_2_Videos_de_como_se_hace\"><\/span><span style=\"font-family: helvetica, arial, sans-serif;\">Os dejo 2 V\u00eddeos de c\u00f3mo se hace<\/span><span class=\"ez-toc-section-end\"><\/span><\/h3>\n<p style=\"text-align: justify;\"><span style=\"font-size: 14pt; font-family: helvetica, arial, sans-serif;\">En este v\u00eddeo el Dr. Ignacio Jarero se autoadministra el abrazo de la mariposa y muestra un ejercicio completo de autoayuda muy recomendado para sanitarios.<\/span><\/p>\n<p style=\"text-align: center;\"><iframe src=\"https:\/\/www.youtube.com\/embed\/nthOmHBxs4s\" width=\"560\" height=\"315\" frameborder=\"0\" allowfullscreen=\"allowfullscreen\"><\/iframe><\/p>\n<p><span style=\"font-family: helvetica, arial, sans-serif;\">\u00a0<\/span><br \/>\n<span style=\"font-size: 14pt; font-family: helvetica, arial, sans-serif;\">\u00a0<\/span><br \/>\n<span style=\"font-size: 14pt; font-family: helvetica, arial, sans-serif;\">Y aqu\u00ed un ejemplo de como se realiza el abrazo de la mariposa.<\/span><\/p>\n<p style=\"text-align: center;\"><iframe src=\"https:\/\/www.youtube.com\/embed\/D6ofmz3x_o4\" width=\"560\" height=\"315\" frameborder=\"0\" allowfullscreen=\"allowfullscreen\"><\/iframe><\/p>\n<p>&nbsp;<\/p>\n<h2><span class=\"ez-toc-section\" id=\"%C2%BFCuando_hacer_el_abrazo_de_la_mariposa\"><\/span><span style=\"font-family: helvetica, arial, sans-serif;\">\u00bfCuando hacer el abrazo de la mariposa?<\/span><span class=\"ez-toc-section-end\"><\/span><\/h2>\n<p style=\"text-align: justify;\"><span style=\"font-size: 14pt; font-family: helvetica, arial, sans-serif;\">En la situaci\u00f3n que estamos viviendo el abrazo de la mariposa es un excelente m\u00e9todo de autocuidado, para adultos, adolescentes, ni\u00f1os, autoadminitrado o dirigido en otra\/as personas. Se puede realizar individualmente o en grupo o familia. <\/span><\/p>\n<p style=\"text-align: justify;\"><span style=\"font-size: 14pt; font-family: helvetica, arial, sans-serif;\">Es importante que la persona que realice este m\u00e9todo tenga control total.<\/span><br \/>\n<span style=\"font-size: 14pt; font-family: helvetica, arial, sans-serif;\">Tambi\u00e9n se usa en terapia. Este ejercicio calmar el malestar producido por cualquier evento que se este produciendo, por ejemplo el confinamiento por el corona virus, o las experiencias que est\u00e1 viviendo cada d\u00eda el personal sanitario o personas intervinientes de primera linea.<\/span><\/p>\n<p>&nbsp;<\/p>\n<h2><span class=\"ez-toc-section\" id=\"En_que_contextos_puede_ser_usado\"><\/span><span style=\"font-family: helvetica, arial, sans-serif;\">En qu\u00e9 contextos puede ser usado<\/span><span class=\"ez-toc-section-end\"><\/span><\/h2>\n<p><span style=\"font-size: 14pt; font-family: helvetica, arial, sans-serif;\">Se ha utilizado en todo el mundo en muchas situaciones en especial en situaciones de desastres en ni\u00f1os y ni\u00f1as que han vivido experiencias adversas.<\/span><\/p>\n<ul style=\"text-align: justify;\">\n<li><span style=\"font-size: 14pt; font-family: helvetica, arial, sans-serif;\">Para reducir el malestar del d\u00eda, o de una experiencia dolorosa vivida recientemente<\/span><\/li>\n<li><span style=\"font-size: 14pt; font-family: helvetica, arial, sans-serif;\">Para instalar Lugar Seguro\/Tranquilo<\/span><\/li>\n<li><span style=\"font-size: 14pt; font-family: helvetica, arial, sans-serif;\">Para instalar afectos, cogniciones y sensaciones f\u00edsicas positivas; asociadas con im\u00e1genes<\/span><\/li>\n<li><span style=\"font-size: 14pt; font-family: helvetica, arial, sans-serif;\">Para facilitar el reprocesamiento de una o varias memorias traum\u00e1ticas.<\/span><\/li>\n<li><span style=\"font-size: 14pt; font-family: helvetica, arial, sans-serif;\">Durante la exposici\u00f3n en vivo para procesar la experiencia.<\/span><\/li>\n<\/ul>\n<p>&nbsp;<\/p>\n<h2><span class=\"ez-toc-section\" id=\"%C2%BFDonde_ha_sido_usado\"><\/span><span style=\"font-family: helvetica, arial, sans-serif;\">\u00bfD\u00f3nde ha sido usado?<\/span><span class=\"ez-toc-section-end\"><\/span><\/h2>\n<ul style=\"text-align: justify;\">\n<li><span style=\"font-size: 14pt; font-family: helvetica, arial, sans-serif;\">En la regi\u00f3n guatemalteca del Quich\u00e9, las personas que presenciaron la inhumaci\u00f3n de sus familiares, usan el Abrazo de la Mariposa para auto confortarse y enfrentar la experiencia.<\/span><\/li>\n<li><span style=\"font-size: 14pt; font-family: helvetica, arial, sans-serif;\">Para trabajar con ni\u00f1os y adultos sobrevivientes de eventos traum\u00e1ticos como desastres naturales o provocados por el hombre.<\/span><\/li>\n<li><span style=\"font-size: 14pt; font-family: helvetica, arial, sans-serif;\">Con ni\u00f1os palestinos en un campo para refugiados en la ciudad de Belen<\/span><\/li>\n<li><span style=\"font-size: 14pt; font-family: helvetica, arial, sans-serif;\">La Dra. Francine Shapiro (2001) menciona: \u201cEl Abrazo de la Mariposa se ha empleado con \u00e9xito para tratar grupos de ni\u00f1os traumatizados en M\u00e9xico,Nicaragua y en los campos de refugiados de Kosovar\u201d (P. 284).<\/span><\/li>\n<li><span style=\"font-size: 14pt; font-family: helvetica, arial, sans-serif;\">Durante la sesi\u00f3n cl\u00ednica es auto-tranquilizante para muchos pacientes.<\/span><\/li>\n<li><span style=\"font-size: 14pt; font-family: helvetica, arial, sans-serif;\">Maestras en una escuela en Guatemala, de ni\u00f1os cuya vivencia con su padre biol\u00f3gico es de desamor y de violencia; les dicen que pueden sentir el amor de su Padre Dios a trav\u00e9s del Abrazo de la Mariposa.<\/span><\/li>\n<li><span style=\"font-size: 14pt; font-family: helvetica, arial, sans-serif;\">En la tragedia de los 65 mineros muertos en Pasta de Conchos, Coahuila (M\u00e9xico).<\/span><\/li>\n<li><span style=\"font-size: 14pt; font-family: helvetica, arial, sans-serif;\">Para Esti Bar-Sade (2009), \u201cel Abrazo de la Mariposa se convierte en una clave\/ancla de apego, pues est\u00e1 conectado al suave toque de mam\u00e1 o pap\u00e1,o a \u201cun buen abrazo de amor\u201d. (P. 292). 2010.<\/span><\/li>\n<\/ul>\n<p><span style=\"font-size: 14pt; font-family: helvetica, arial, sans-serif;\">\u00a0<\/span><br \/>\n<span style=\"font-size: 14pt; font-family: helvetica, arial, sans-serif;\">\u00a0<\/span><\/p>\n<p style=\"text-align: justify;\"><span style=\"font-size: 14pt; font-family: helvetica, arial, sans-serif;\">Este material est\u00e1 dise\u00f1ado para apoyar su trabajo cl\u00ednico.<\/span><br \/>\n<span style=\"font-size: 14pt; font-family: helvetica, arial, sans-serif;\">Asimismo, todo este material tiene derechos de autor. Las\/los cl\u00ednicos tienen<\/span><br \/>\n<span style=\"font-size: 14pt; font-family: helvetica, arial, sans-serif;\">permiso de usar esta informaci\u00f3n en su pr\u00e1ctica cl\u00ednica, sin embargo, este material no debe ser vendido ni modificado y siempre se deben dar todos los cr\u00e9ditos a los autores.<\/span><\/p>\n<p style=\"text-align: justify;\"><span style=\"font-size: 14pt; font-family: helvetica, arial, sans-serif;\">Por Lucina (Lucy) Artigas, M.A., M.T., e Ignacio Jarero, Ed.D., Ph.D., M.T.<\/span><\/p>\n<p>&nbsp;<\/p>\n<p style=\"text-align: right;\"><span style=\"font-family: helvetica, arial, sans-serif; font-size: 14pt;\"><a href=\"http:\/\/psicologiaviva.com\/\" target=\"_blank\" rel=\"noopener\"><strong><span style=\"color: #800080;\">Aura Marqu\u00e9s<\/span><\/strong><\/a><br \/>\nPsic\u00f3loga. Cl\u00ednico EMDR<br \/>\nPalma de Mallorca<\/span><\/p>\n<p><span style=\"font-size: 14pt;\"><img decoding=\"async\" class=\"aligncenter\" src=\"http:\/\/psicologiaviva.com\/blog\/wp-content\/uploads\/2021\/12\/logo.jpg\" width=\"133\" height=\"133\" \/><\/span><\/p>\n<h2 style=\"text-align: center;\"><span class=\"ez-toc-section\" id=\"Donar_a_la_autora\"><\/span><span style=\"font-size: 14pt;\"><strong><a href=\"https:\/\/psicologiaviva.com\/blog\/donaciones\/\" target=\"_blank\" rel=\"noopener\">Donar a la autora, <\/a><\/strong><\/span><span class=\"ez-toc-section-end\"><\/span><\/h2>\n<p style=\"text-align: center;\"><strong><a href=\"https:\/\/psicologiaviva.com\/blog\/donaciones\/\" target=\"_blank\" rel=\"noopener\">ay\u00fadanos a mantener este blog<\/a><\/strong><br \/>\n<strong><a href=\"https:\/\/psicologiaviva.com\/blog\/donaciones\/\"><img decoding=\"async\" class=\"aligncenter wp-image-5844\" src=\"http:\/\/psicologiaviva.com\/blog\/wp-content\/uploads\/2023\/04\/bizum.jpg\" alt=\"\" width=\"72\" height=\"47\" srcset=\"http:\/\/psicologiaviva.com\/blog\/wp-content\/uploads\/2023\/04\/bizum.jpg 277w, http:\/\/psicologiaviva.com\/blog\/wp-content\/uploads\/2023\/04\/bizum-150x99.jpg 150w, http:\/\/psicologiaviva.com\/blog\/wp-content\/uploads\/2023\/04\/bizum-100x66.jpg 100w, http:\/\/psicologiaviva.com\/blog\/wp-content\/uploads\/2023\/04\/bizum-272x182.jpg 272w\" sizes=\"(max-width: 72px) 100vw, 72px\" \/><\/a><a href=\"https:\/\/psicologiaviva.com\/blog\/donaciones\/\" target=\"_blank\" rel=\"noopener\">Por bizum +34 661963875<\/a><\/strong><br \/>\n<strong><a href=\"https:\/\/psicologiaviva.com\/blog\/donaciones\/\"><img loading=\"lazy\" decoding=\"async\" class=\"aligncenter wp-image-5846\" src=\"http:\/\/psicologiaviva.com\/blog\/wp-content\/uploads\/2023\/04\/paypal.png\" alt=\"\" width=\"76\" height=\"38\" srcset=\"http:\/\/psicologiaviva.com\/blog\/wp-content\/uploads\/2023\/04\/paypal.png 960w, http:\/\/psicologiaviva.com\/blog\/wp-content\/uploads\/2023\/04\/paypal-300x150.png 300w, http:\/\/psicologiaviva.com\/blog\/wp-content\/uploads\/2023\/04\/paypal-768x384.png 768w, http:\/\/psicologiaviva.com\/blog\/wp-content\/uploads\/2023\/04\/paypal-750x375.png 750w, http:\/\/psicologiaviva.com\/blog\/wp-content\/uploads\/2023\/04\/paypal-400x200.png 400w, http:\/\/psicologiaviva.com\/blog\/wp-content\/uploads\/2023\/04\/paypal-430x215.png 430w, http:\/\/psicologiaviva.com\/blog\/wp-content\/uploads\/2023\/04\/paypal-150x75.png 150w, http:\/\/psicologiaviva.com\/blog\/wp-content\/uploads\/2023\/04\/paypal-100x50.png 100w\" sizes=\"(max-width: 76px) 100vw, 76px\" \/><\/a><a href=\"https:\/\/psicologiaviva.com\/blog\/donaciones\/\" target=\"_blank\" rel=\"noopener\">Por Paypal sicoviva@gmail.com<\/a><\/strong><\/p>\n<p style=\"text-align: right;\">\n","protected":false},"excerpt":{"rendered":"<p>&nbsp; \u201cPor favor, date un Abrazo de la Mariposa por m\u00ed\u201d. En estos momentos que no podemos ni acercarnos unos a otros, este m\u00e9todo se esta empleando para calmar\u00a0 o desensibilizar en adultos y ni\u00f1os el gran malestar reinante. Es [&hellip;]<\/p>\n","protected":false},"author":1,"featured_media":2557,"comment_status":"open","ping_status":"open","sticky":false,"template":"","format":"standard","meta":{"jetpack_post_was_ever_published":false,"_jetpack_newsletter_access":"","_jetpack_dont_email_post_to_subs":false,"_jetpack_newsletter_tier_id":0,"_jetpack_memberships_contains_paywalled_content":false,"_jetpack_memberships_contains_paid_content":false,"footnotes":"","jetpack_publicize_message":"","jetpack_publicize_feature_enabled":true,"jetpack_social_post_already_shared":true,"jetpack_social_options":{"image_generator_settings":{"template":"highway","default_image_id":0,"font":"","enabled":false},"version":2}},"categories":[25,61,24,3,47,42,39,54,31,52,63,53],"tags":[],"class_list":["post-2556","post","type-post","status-publish","format-standard","has-post-thumbnail","hentry","category-ansiedad","category-autocuidados","category-depresion","category-emergencias","category-intervinientes","category-mentalizar","category-personalidad","category-psicoeducacion","category-psicoterapia","category-emdr","category-trastornos-de-la-personalidad","category-traumas"],"aioseo_notices":[],"jetpack_publicize_connections":[],"jetpack_featured_media_url":"http:\/\/psicologiaviva.com\/blog\/wp-content\/uploads\/2018\/06\/abrazo-mariposa.jpg","jetpack_sharing_enabled":true,"jetpack_shortlink":"https:\/\/wp.me\/p6Upkr-Fe","jetpack_likes_enabled":false,"_links":{"self":[{"href":"http:\/\/psicologiaviva.com\/blog\/wp-json\/wp\/v2\/posts\/2556","targetHints":{"allow":["GET"]}}],"collection":[{"href":"http:\/\/psicologiaviva.com\/blog\/wp-json\/wp\/v2\/posts"}],"about":[{"href":"http:\/\/psicologiaviva.com\/blog\/wp-json\/wp\/v2\/types\/post"}],"author":[{"embeddable":true,"href":"http:\/\/psicologiaviva.com\/blog\/wp-json\/wp\/v2\/users\/1"}],"replies":[{"embeddable":true,"href":"http:\/\/psicologiaviva.com\/blog\/wp-json\/wp\/v2\/comments?post=2556"}],"version-history":[{"count":0,"href":"http:\/\/psicologiaviva.com\/blog\/wp-json\/wp\/v2\/posts\/2556\/revisions"}],"wp:featuredmedia":[{"embeddable":true,"href":"http:\/\/psicologiaviva.com\/blog\/wp-json\/wp\/v2\/media\/2557"}],"wp:attachment":[{"href":"http:\/\/psicologiaviva.com\/blog\/wp-json\/wp\/v2\/media?parent=2556"}],"wp:term":[{"taxonomy":"category","embeddable":true,"href":"http:\/\/psicologiaviva.com\/blog\/wp-json\/wp\/v2\/categories?post=2556"},{"taxonomy":"post_tag","embeddable":true,"href":"http:\/\/psicologiaviva.com\/blog\/wp-json\/wp\/v2\/tags?post=2556"}],"curies":[{"name":"wp","href":"https:\/\/api.w.org\/{rel}","templated":true}]}}