{"id":2559,"date":"2021-12-27T09:33:23","date_gmt":"2021-12-27T09:33:23","guid":{"rendered":"http:\/\/psicologiaviva.com\/blog\/?p=2559"},"modified":"2022-03-05T08:42:14","modified_gmt":"2022-03-05T08:42:14","slug":"comportamiento-humano-en-situaciones-de-emergencias","status":"publish","type":"post","link":"http:\/\/psicologiaviva.com\/blog\/comportamiento-humano-en-situaciones-de-emergencias\/","title":{"rendered":"Comportamiento humano en situaciones de emergencias"},"content":{"rendered":"<p style=\"text-align: justify;\"><span style=\"font-family: helvetica, arial, sans-serif;\"><a href=\"http:\/\/psicologiaviva.com\/blog\"><img fetchpriority=\"high\" decoding=\"async\" class=\" wp-image-2562 aligncenter\" src=\"http:\/\/psicologiaviva.com\/blog\/wp-content\/uploads\/2018\/06\/conducta-humana-300x201.jpg\" alt=\"\" width=\"363\" height=\"243\" srcset=\"http:\/\/psicologiaviva.com\/blog\/wp-content\/uploads\/2018\/06\/conducta-humana-300x201.jpg 300w, http:\/\/psicologiaviva.com\/blog\/wp-content\/uploads\/2018\/06\/conducta-humana-768x514.jpg 768w, http:\/\/psicologiaviva.com\/blog\/wp-content\/uploads\/2018\/06\/conducta-humana-624x417.jpg 624w, http:\/\/psicologiaviva.com\/blog\/wp-content\/uploads\/2018\/06\/conducta-humana-272x182.jpg 272w, http:\/\/psicologiaviva.com\/blog\/wp-content\/uploads\/2018\/06\/conducta-humana.jpg 960w\" sizes=\"(max-width: 363px) 100vw, 363px\" \/><\/a><\/span><\/p>\n<p>&nbsp;<\/p>\n<p style=\"text-align: justify;\"><span style=\"font-family: helvetica, arial, sans-serif;\"><span style=\"font-size: 14pt;\">Las situaciones cr\u00edticas, en el contexto que nos ocupa (urgencias,\u00a0emergencias o desastres), pueden definirse como sucesos con un gran\u00a0impacto emocional capaces de paralizar los recursos habituales de\u00a0personas o grupos que en circunstancias normales se comportan de\u00a0manera eficaz. Generalmente suceden de forma imprevista, causan\u00a0gran impacto, algunas veces de car\u00e1cter extremo por la sensaci\u00f3n de\u00a0amenaza objetiva o percibida, que se experimenta.<\/span><!--more--><\/span><\/p>\n<p>&nbsp;<\/p>\n<p style=\"text-align: justify;\"><span style=\"font-family: helvetica, arial, sans-serif; font-size: 14pt;\">Las personas afectadas por la situaci\u00f3n de emergencia al desarrollar labores de asistencia inmediata en emergencias o desastres, conviene tener presente que:<\/span><\/p>\n<ul style=\"text-align: justify;\">\n<li><span style=\"font-family: helvetica, arial, sans-serif; font-size: 14pt;\"><span style=\"font-family: helvetica, arial, sans-serif; font-size: 14pt;\">Las personas afectadas son en la gran mayor\u00eda,personas con un estada de salud mental normalizado. Los casos psicol\u00f3gico psiqui\u00e1tricos patol\u00f3gicos constituyen una minor\u00eda<\/span><\/span>\n<figure id=\"attachment_5124\" aria-describedby=\"caption-attachment-5124\" style=\"width: 149px\" class=\"wp-caption aligncenter\"><a href=\"https:\/\/amzn.to\/35pRdU0\"><img decoding=\"async\" class=\"wp-image-5124\" src=\"http:\/\/psicologiaviva.com\/blog\/wp-content\/uploads\/2021\/12\/intervencion-emergencias.jpg\" alt=\"\" width=\"149\" height=\"218\" srcset=\"http:\/\/psicologiaviva.com\/blog\/wp-content\/uploads\/2021\/12\/intervencion-emergencias.jpg 341w, http:\/\/psicologiaviva.com\/blog\/wp-content\/uploads\/2021\/12\/intervencion-emergencias-205x300.jpg 205w, http:\/\/psicologiaviva.com\/blog\/wp-content\/uploads\/2021\/12\/intervencion-emergencias-150x220.jpg 150w, http:\/\/psicologiaviva.com\/blog\/wp-content\/uploads\/2021\/12\/intervencion-emergencias-100x146.jpg 100w\" sizes=\"(max-width: 149px) 100vw, 149px\" \/><\/a><figcaption id=\"caption-attachment-5124\" class=\"wp-caption-text\">&#8211;&gt;Clic para comprarlo en Amaz\u00f3n<\/figcaption><\/figure>\n<p>&nbsp;<\/li>\n<li><span style=\"font-family: helvetica, arial, sans-serif; font-size: 14pt;\">Casi toda persona que esta envuelta en un desastre, sufre un accidente o cualquier otro tipo de situaci\u00f3n cr\u00edtica, experimentar\u00e1\u00a0alg\u00fan tipo de alteraci\u00f3n emocional con diferente grado\u00a0de ajuste funcional a la situaci\u00f3n. Hay que tener en cuenta\u00a0que nuestro organismo est\u00e1 preparado para responder ante\u00a0la percepci\u00f3n de una amenaza o peligro. Diversas estructuras\u00a0cerebrales (am\u00edgdala, corteza prefrontal, neocortex) se activan\u00a0con mayor o menor fortuna y contribuyen e influyen sobre\u00a0el resto de los niveles de respuesta de nuestra biograf\u00eda, en el\u00a0afrontamiento eficaz o ineficaz de la situaci\u00f3n.<\/span><\/li>\n<li><span style=\"font-family: helvetica, arial, sans-serif; font-size: 14pt;\"><span style=\"font-family: helvetica, arial, sans-serif; font-size: 14pt;\">Nadie elije estar alterado emocionalmente en una situaci\u00f3n critica.<\/span><\/span>\n<figure id=\"attachment_5112\" aria-describedby=\"caption-attachment-5112\" style=\"width: 124px\" class=\"wp-caption aligncenter\"><a href=\"https:\/\/amzn.to\/3Eph6yA\"><img decoding=\"async\" class=\" wp-image-5112\" src=\"http:\/\/psicologiaviva.com\/blog\/wp-content\/uploads\/2018\/10\/superar-traumas.jpg\" alt=\"\" width=\"124\" height=\"220\" srcset=\"http:\/\/psicologiaviva.com\/blog\/wp-content\/uploads\/2018\/10\/superar-traumas.jpg 180w, http:\/\/psicologiaviva.com\/blog\/wp-content\/uploads\/2018\/10\/superar-traumas-169x300.jpg 169w, http:\/\/psicologiaviva.com\/blog\/wp-content\/uploads\/2018\/10\/superar-traumas-150x267.jpg 150w, http:\/\/psicologiaviva.com\/blog\/wp-content\/uploads\/2018\/10\/superar-traumas-100x178.jpg 100w\" sizes=\"(max-width: 124px) 100vw, 124px\" \/><\/a><figcaption id=\"caption-attachment-5112\" class=\"wp-caption-text\">&#8211;&gt;clic para comprar en Amaz\u00f3n<\/figcaption><\/figure>\n<p>&nbsp;<\/li>\n<li><span style=\"font-family: helvetica, arial, sans-serif; font-size: 14pt;\">Las lesiones emocionales son tan reales y tan serias como las lesiones f\u00edsicas.<\/span><\/li>\n<li><span style=\"font-family: helvetica, arial, sans-serif; font-size: 14pt;\">Las reacciones de estr\u00e9s agudo ante situaciones de da\u00f1o o perdida\u00a0han de ser consideradas inicialmente como\u00a0reacciones \u201cnormales\u201d en personas \u201cnormales\u201d que han vivido\u00a0o est\u00e1n viviendo una situaci\u00f3n an\u00f3mala, extraordinaria en sus\u00a0biograf\u00edas. Su consideraci\u00f3n de \u201cnormales\u201d no invalida que\u00a0hagamos algo para contribuir a su alivio o afrontamiento.<\/span><\/li>\n<li><span style=\"font-family: helvetica, arial, sans-serif; font-size: 14pt;\">Todos tenemos un \u00abpunto de ruptura\u00bb a partir del cual entramos en crisis, es decir, en un estado de desestabilizaci\u00f3n, originado por la vivencia de la situaci\u00f3n cr\u00edtica, en la que nuestros\u00a0recursos personales de afrontamiento se ven desbordados.<\/span><\/li>\n<li><span style=\"font-family: helvetica, arial, sans-serif; font-size: 14pt;\">Las personas tienen mas recursos y resistencia psicol\u00f3gica de lo que aparentan.<\/span><\/li>\n<li><span style=\"font-family: helvetica, arial, sans-serif; font-size: 14pt;\"><span style=\"font-family: helvetica, arial, sans-serif; font-size: 14pt;\">Las personas raramente se encuentran \u00abdestrozadas\u00bb por\u00a0situaci\u00f3n cr\u00edtica o desastre. Pese al estr\u00e9s sufrido, las personas\u00a0habitualmente se van a desenvolver con los m\u00ednimos necesarios.\u00a0Las reacciones de estr\u00e9s son esperables y en la mayor\u00eda de\u00a0los casos, temporales.<\/span><\/span>\n<figure id=\"attachment_5113\" aria-describedby=\"caption-attachment-5113\" style=\"width: 137px\" class=\"wp-caption aligncenter\"><a href=\"https:\/\/amzn.to\/3z0R4Aw\"><img loading=\"lazy\" decoding=\"async\" class=\" wp-image-5113\" src=\"http:\/\/psicologiaviva.com\/blog\/wp-content\/uploads\/2018\/10\/como-superar-fragmentacion.jpg\" alt=\"\" width=\"137\" height=\"201\" srcset=\"http:\/\/psicologiaviva.com\/blog\/wp-content\/uploads\/2018\/10\/como-superar-fragmentacion.jpg 182w, http:\/\/psicologiaviva.com\/blog\/wp-content\/uploads\/2018\/10\/como-superar-fragmentacion-150x219.jpg 150w, http:\/\/psicologiaviva.com\/blog\/wp-content\/uploads\/2018\/10\/como-superar-fragmentacion-100x146.jpg 100w\" sizes=\"(max-width: 137px) 100vw, 137px\" \/><\/a><figcaption id=\"caption-attachment-5113\" class=\"wp-caption-text\">&#8211;&gt; c\u00f3mpralo en un clic en Amaz\u00f3n<\/figcaption><\/figure>\n<p>&nbsp;<\/li>\n<li><span style=\"font-family: helvetica, arial, sans-serif; font-size: 14pt;\">Las personas afectadas responden a la consideraci\u00f3n y el inter\u00e9s\u00a0de los agentes de ayuda. Mostrar inter\u00e9s y facilitar apoyo frente\u00a0a las preocupaciones de las personas proporcionan a \u00e9stas un\u00a0sentido de identidad y de afrontamiento normalizado.<\/span><\/li>\n<li><span style=\"font-family: helvetica, arial, sans-serif; font-size: 14pt;\">Las personas pueden rechazar la ayuda si esta va acompa\u00f1ada\u00a0de connotaciones de alteraci\u00f3n de la salud mental, psicopatolog\u00edas,\u00a0trastornos, etc. Las batas blancas, las identificaciones\u00a0como psic\u00f3logo o psiquiatra, las declaraciones en medios de comunicaci\u00f3n referidas a s\u00edndromes (del superviviente, de\u00a0estr\u00e9s postraum\u00e1tico, etc.), pueden favorecer esta actitud de\u00a0rechazo, frente a acercamientos que brinden apoyo humano,\u00a0atenci\u00f3n a afectados, etc\u00e9tera.<\/span><\/li>\n<li><span style=\"font-family: helvetica, arial, sans-serif; font-size: 14pt;\"><span style=\"font-family: helvetica, arial, sans-serif; font-size: 14pt;\">Las personas afectadas pueden mostrar emociones y actitudes\u00a0ambivalentes. Los equipos de ayuda han de esperar que las personas\u00a0muestren sentimientos opuestos (alegr\u00eda por estar vivos\u00a0y tristeza por aquellos que no han corrido la misma suerte) as\u00ed\u00a0como actitudes contrapuestas (no querer recibir ayuda, pero no\u00a0saber como afrontar la situaci\u00f3n). La comprensi\u00f3n, el respeto y la\u00a0actitud de servicio pueden ayudar a ir colocando estos estados.<\/span><\/span>\n<figure id=\"attachment_5116\" aria-describedby=\"caption-attachment-5116\" style=\"width: 146px\" class=\"wp-caption aligncenter\"><a href=\"https:\/\/amzn.to\/3HfLrl2\"><img loading=\"lazy\" decoding=\"async\" class=\" wp-image-5116\" src=\"http:\/\/psicologiaviva.com\/blog\/wp-content\/uploads\/2021\/12\/supera-bloqueos.jpg\" alt=\"\" width=\"146\" height=\"217\" srcset=\"http:\/\/psicologiaviva.com\/blog\/wp-content\/uploads\/2021\/12\/supera-bloqueos.jpg 179w, http:\/\/psicologiaviva.com\/blog\/wp-content\/uploads\/2021\/12\/supera-bloqueos-150x223.jpg 150w, http:\/\/psicologiaviva.com\/blog\/wp-content\/uploads\/2021\/12\/supera-bloqueos-100x149.jpg 100w\" sizes=\"(max-width: 146px) 100vw, 146px\" \/><\/a><figcaption id=\"caption-attachment-5116\" class=\"wp-caption-text\">&#8211;&gt;clic para comprar en Amaz\u00f3n<\/figcaption><\/figure>\n<p>&nbsp;<\/li>\n<li><span style=\"font-family: helvetica, arial, sans-serif; font-size: 14pt;\">Cada uno tiene derecha a sentirse como se siente. Este es el principio desde el cual comenzar a trabajar con sistemas de\u00a0valores distintos o frente a actitudes de la persona afectada,\u00a0objetivamente apartadas de la realidad (p.e. culpa por algo de\u00a0lo que ni siquiera se es responsable).<\/span><\/li>\n<li><span style=\"font-family: helvetica, arial, sans-serif; font-size: 14pt;\">Las personas pueden rechazar la ayuda por razones de orgullo y\u00a0dignidad. Ayudar a las personas tras situaciones de emergencia\u00a0o desastre implica, salvo en situaciones de evidente riesgo,\u00a0colocarse a su disposici\u00f3n y no \u201catornillar\u201d una ayuda que no\u00a0quieren o no est\u00e1n a\u00fan preparadas para recibir. Implica \u201chacer\u00a0con\u201d m\u00e1s que \u201chacer por\u201d y tanto una como otra acci\u00f3n, s\u00f3lo si\u00a0su actitud muestra que lo desean o lo permiten.<\/span><\/li>\n<\/ul>\n<p>&nbsp;<\/p>\n<p style=\"text-align: justify;\"><span style=\"font-family: helvetica, arial, sans-serif; font-size: 14pt;\">Bastante evidencia cient\u00edfica esta diciendo que con <a href=\"http:\/\/psicologiaviva.com\/blog\/que-es-emdr\/\" target=\"_blank\" rel=\"noopener\"><strong>Terapia EMDR<\/strong><\/a> muchos de las experiencias traum\u00e1tica causadas por catastrofes o incidentes violentos que pueden producir Trastorno de Estr\u00e9s Postraum\u00e1tico se pueden curar.\u00a0<\/span><\/p>\n<table style=\"border-collapse: collapse; width: 100%;\">\n<tbody>\n<tr>\n<td style=\"width: 50%;\">\n<p><figure id=\"attachment_5123\" aria-describedby=\"caption-attachment-5123\" style=\"width: 154px\" class=\"wp-caption aligncenter\"><a href=\"https:\/\/amzn.to\/3Cfa3cc\"><img loading=\"lazy\" decoding=\"async\" class=\"wp-image-5123\" src=\"http:\/\/psicologiaviva.com\/blog\/wp-content\/uploads\/2021\/12\/supera-tu-pasado.jpg\" alt=\"\" width=\"154\" height=\"236\" srcset=\"http:\/\/psicologiaviva.com\/blog\/wp-content\/uploads\/2021\/12\/supera-tu-pasado.jpg 326w, http:\/\/psicologiaviva.com\/blog\/wp-content\/uploads\/2021\/12\/supera-tu-pasado-196x300.jpg 196w, http:\/\/psicologiaviva.com\/blog\/wp-content\/uploads\/2021\/12\/supera-tu-pasado-150x230.jpg 150w, http:\/\/psicologiaviva.com\/blog\/wp-content\/uploads\/2021\/12\/supera-tu-pasado-100x153.jpg 100w\" sizes=\"(max-width: 154px) 100vw, 154px\" \/><\/a><figcaption id=\"caption-attachment-5123\" class=\"wp-caption-text\">&#8211;&gt;C\u00f3mpralo en Amaz\u00f3n<\/figcaption><\/figure><\/td>\n<td style=\"width: 50%;\">\n<p><figure id=\"attachment_5111\" aria-describedby=\"caption-attachment-5111\" style=\"width: 145px\" class=\"wp-caption aligncenter\"><a href=\"https:\/\/amzn.to\/3Mn4QUl\"><img loading=\"lazy\" decoding=\"async\" class=\"wp-image-5111 \" src=\"http:\/\/psicologiaviva.com\/blog\/wp-content\/uploads\/2018\/10\/emdr-caja-herraminetas.jpg\" alt=\"\" width=\"145\" height=\"217\" srcset=\"http:\/\/psicologiaviva.com\/blog\/wp-content\/uploads\/2018\/10\/emdr-caja-herraminetas.jpg 178w, http:\/\/psicologiaviva.com\/blog\/wp-content\/uploads\/2018\/10\/emdr-caja-herraminetas-150x224.jpg 150w, http:\/\/psicologiaviva.com\/blog\/wp-content\/uploads\/2018\/10\/emdr-caja-herraminetas-100x149.jpg 100w\" sizes=\"(max-width: 145px) 100vw, 145px\" \/><\/a><figcaption id=\"caption-attachment-5111\" class=\"wp-caption-text\">&#8211;&gt;clic para comprar en Amaz\u00f3n<\/figcaption><\/figure><\/td>\n<\/tr>\n<\/tbody>\n<\/table>\n<p>&nbsp;<\/p>\n<p style=\"text-align: justify;\"><span style=\"font-family: helvetica, arial, sans-serif; font-size: 14pt;\">Es una terepia muy probada y en la red encotrareis imnumerables testimonios de como consigue que los recuerdos dejen de perturbar despu\u00e9s de un tiempo.<\/span><\/p>\n<p>&nbsp;<\/p>\n<p><img loading=\"lazy\" decoding=\"async\" class=\"wp-image-5099 alignleft\" src=\"http:\/\/psicologiaviva.com\/blog\/wp-content\/uploads\/2021\/12\/logo.jpg\" alt=\"\" width=\"149\" height=\"149\" srcset=\"http:\/\/psicologiaviva.com\/blog\/wp-content\/uploads\/2021\/12\/logo.jpg 300w, http:\/\/psicologiaviva.com\/blog\/wp-content\/uploads\/2021\/12\/logo-150x150.jpg 150w, http:\/\/psicologiaviva.com\/blog\/wp-content\/uploads\/2021\/12\/logo-100x100.jpg 100w\" sizes=\"(max-width: 149px) 100vw, 149px\" \/><\/p>\n<p style=\"text-align: right;\"><span style=\"color: #800080; font-family: helvetica, arial, sans-serif;\"><strong>Aura Marqu\u00e9s<\/strong><\/span><br \/>\n<span style=\"font-family: helvetica, arial, sans-serif;\">Psic\u00f3loga, terapauta EMDR<\/span><br \/>\n<span style=\"font-family: helvetica, arial, sans-serif;\">Experta en Psicolog\u00eda de Emergencias y Cat\u00e1strofes.<\/span><\/p>\n","protected":false},"excerpt":{"rendered":"<p>&nbsp; Las situaciones cr\u00edticas, en el contexto que nos ocupa (urgencias,\u00a0emergencias o desastres), pueden definirse como sucesos con un gran\u00a0impacto emocional capaces de paralizar los recursos habituales de\u00a0personas o grupos que en circunstancias normales se comportan de\u00a0manera eficaz. Generalmente suceden [&hellip;]<\/p>\n","protected":false},"author":1,"featured_media":2562,"comment_status":"open","ping_status":"open","sticky":false,"template":"","format":"standard","meta":{"jetpack_post_was_ever_published":false,"_jetpack_newsletter_access":"","_jetpack_dont_email_post_to_subs":false,"_jetpack_newsletter_tier_id":0,"_jetpack_memberships_contains_paywalled_content":false,"_jetpack_memberships_contains_paid_content":false,"footnotes":"","jetpack_publicize_message":"","jetpack_publicize_feature_enabled":true,"jetpack_social_post_already_shared":true,"jetpack_social_options":{"image_generator_settings":{"template":"highway","default_image_id":0,"font":"","enabled":false},"version":2}},"categories":[61,3,47,52],"tags":[],"class_list":["post-2559","post","type-post","status-publish","format-standard","has-post-thumbnail","hentry","category-autocuidados","category-emergencias","category-intervinientes","category-emdr"],"aioseo_notices":[],"jetpack_publicize_connections":[],"jetpack_featured_media_url":"http:\/\/psicologiaviva.com\/blog\/wp-content\/uploads\/2018\/06\/conducta-humana.jpg","jetpack_sharing_enabled":true,"jetpack_shortlink":"https:\/\/wp.me\/p6Upkr-Fh","jetpack_likes_enabled":false,"_links":{"self":[{"href":"http:\/\/psicologiaviva.com\/blog\/wp-json\/wp\/v2\/posts\/2559","targetHints":{"allow":["GET"]}}],"collection":[{"href":"http:\/\/psicologiaviva.com\/blog\/wp-json\/wp\/v2\/posts"}],"about":[{"href":"http:\/\/psicologiaviva.com\/blog\/wp-json\/wp\/v2\/types\/post"}],"author":[{"embeddable":true,"href":"http:\/\/psicologiaviva.com\/blog\/wp-json\/wp\/v2\/users\/1"}],"replies":[{"embeddable":true,"href":"http:\/\/psicologiaviva.com\/blog\/wp-json\/wp\/v2\/comments?post=2559"}],"version-history":[{"count":0,"href":"http:\/\/psicologiaviva.com\/blog\/wp-json\/wp\/v2\/posts\/2559\/revisions"}],"wp:featuredmedia":[{"embeddable":true,"href":"http:\/\/psicologiaviva.com\/blog\/wp-json\/wp\/v2\/media\/2562"}],"wp:attachment":[{"href":"http:\/\/psicologiaviva.com\/blog\/wp-json\/wp\/v2\/media?parent=2559"}],"wp:term":[{"taxonomy":"category","embeddable":true,"href":"http:\/\/psicologiaviva.com\/blog\/wp-json\/wp\/v2\/categories?post=2559"},{"taxonomy":"post_tag","embeddable":true,"href":"http:\/\/psicologiaviva.com\/blog\/wp-json\/wp\/v2\/tags?post=2559"}],"curies":[{"name":"wp","href":"https:\/\/api.w.org\/{rel}","templated":true}]}}