{"id":2643,"date":"2018-10-14T19:58:15","date_gmt":"2018-10-14T19:58:15","guid":{"rendered":"http:\/\/psicologiaviva.com\/blog\/?p=2643"},"modified":"2023-04-30T17:12:05","modified_gmt":"2023-04-30T17:12:05","slug":"fases-de-aplicacion-de-los-primeros-auxilios-psicologicos","status":"publish","type":"post","link":"http:\/\/psicologiaviva.com\/blog\/fases-de-aplicacion-de-los-primeros-auxilios-psicologicos\/","title":{"rendered":"Fases de aplicaci\u00f3n de los primeros auxilios psicol\u00f3gicos"},"content":{"rendered":"<p><span style=\"font-family: helvetica, arial, sans-serif; font-size: 14pt;\"><a href=\"http:\/\/psicologiaviva.com\/blog\"><img fetchpriority=\"high\" decoding=\"async\" class=\"aligncenter  wp-image-5935\" src=\"http:\/\/psicologiaviva.com\/blog\/wp-content\/uploads\/2018\/10\/primeros-auxilios.jpg\" alt=\"\" width=\"378\" height=\"252\" srcset=\"http:\/\/psicologiaviva.com\/blog\/wp-content\/uploads\/2018\/10\/primeros-auxilios.jpg 600w, http:\/\/psicologiaviva.com\/blog\/wp-content\/uploads\/2018\/10\/primeros-auxilios-300x200.jpg 300w, http:\/\/psicologiaviva.com\/blog\/wp-content\/uploads\/2018\/10\/primeros-auxilios-400x267.jpg 400w, http:\/\/psicologiaviva.com\/blog\/wp-content\/uploads\/2018\/10\/primeros-auxilios-430x287.jpg 430w, http:\/\/psicologiaviva.com\/blog\/wp-content\/uploads\/2018\/10\/primeros-auxilios-150x100.jpg 150w, http:\/\/psicologiaviva.com\/blog\/wp-content\/uploads\/2018\/10\/primeros-auxilios-100x67.jpg 100w, http:\/\/psicologiaviva.com\/blog\/wp-content\/uploads\/2018\/10\/primeros-auxilios-272x182.jpg 272w\" sizes=\"(max-width: 378px) 100vw, 378px\" \/><\/a><\/span><\/p>\n<p><span style=\"font-family: helvetica, arial, sans-serif; font-size: 14pt;\">Los A.P.A o Primeros Auxilios Psicol\u00f3gicos son las\u00a0<strong>intervenciones psicol\u00f3gica que se realizan en el momento de crisis<\/strong>. <\/span><\/p>\n<p><span style=\"font-family: helvetica, arial, sans-serif; font-size: 14pt;\">El objetivo de estos es auxiliar a la persona, ayudarles a dar pasos concretos hacia el afrontamiento de la crisis, usar adecuadamente los sentimientos, el control de los pensamientos, reacciones ante el incidente\u00a0 y comenzar el proceso de seguir adelante con lo que ha ocurrido.<!--more--><\/span><\/p>\n<p><span style=\"font-family: helvetica, arial, sans-serif; font-size: 14pt;\"><strong><em><u>Fases de aplicaci\u00f3n de los PAP:<\/u><\/em><\/strong><\/span><\/p>\n<ol>\n<li><span style=\"font-family: helvetica, arial, sans-serif; font-size: 14pt;\"><em><strong>Contacto y presentaci\u00f3n<\/strong>.<br \/>\n<\/em>Presentarse de forma no intrusiva.<\/span><br \/>\n<span style=\"font-family: helvetica, arial, sans-serif; font-size: 14pt;\">Explicar porqu\u00e9 nos hemos acercado.<\/span><br \/>\n<span style=\"font-family: helvetica, arial, sans-serif; font-size: 14pt;\">Establecer el <em>setting <\/em>(confidencialidad, necesidades, c\u00f3mo trabajamos\u2026)<\/span><\/li>\n<\/ol>\n<ol start=\"2\">\n<li><span style=\"font-family: helvetica, arial, sans-serif; font-size: 14pt;\"><strong><em>Alivio y protecci\u00f3n.<br \/>\n<\/em><\/strong>Cubrir necesidades vitales b\u00e1sicas.<\/span><br \/>\n<span style=\"font-family: helvetica, arial, sans-serif; font-size: 14pt;\">Ayudar a la reagrupaci\u00f3n familiar.<\/span><br \/>\n<span style=\"font-family: helvetica, arial, sans-serif; font-size: 14pt;\">Especial atenci\u00f3n a personas que tengan familiares fallecidos.<\/span><\/li>\n<\/ol>\n<ol start=\"3\">\n<li><span style=\"font-family: helvetica, arial, sans-serif; font-size: 14pt;\"><em><strong>Contenci\u00f3n, si es necesaria.<\/strong><\/em><\/span><br \/>\n<span style=\"font-family: helvetica, arial, sans-serif; font-size: 14pt;\">Contenci\u00f3n emocional.<\/span><br \/>\n<span style=\"font-family: helvetica, arial, sans-serif; font-size: 14pt;\">Orientaci\u00f3n temporal y espacial.<\/span><\/li>\n<\/ol>\n<ol start=\"4\">\n<li><span style=\"font-family: helvetica, arial, sans-serif; font-size: 14pt;\"><em><strong>Recogida de informaci\u00f3n (needs&amp; worries).<br \/>\n<\/strong><\/em>Identificar las necesidades y preocupaciones inmediatas.<\/span><br \/>\n<span style=\"font-family: helvetica, arial, sans-serif; font-size: 14pt;\">Reunir informaci\u00f3n adicional sobre las personas afectadas.<\/span><br \/>\n<span style=\"font-family: helvetica, arial, sans-serif; font-size: 14pt;\">En especial sobre los acontecimientos vitales estresantes previos.<\/span><\/li>\n<\/ol>\n<ol start=\"5\">\n<li><span style=\"font-family: helvetica, arial, sans-serif; font-size: 14pt;\"><em><strong>Asistencia pr\u00e1ctica.<br \/>\n<\/strong><\/em>Explorar y analizar necesidades inmediatas.<\/span><br \/>\n<span style=\"font-family: helvetica, arial, sans-serif; font-size: 14pt;\">Explicitar y reordenar necesidades.<\/span><br \/>\n<span style=\"font-family: helvetica, arial, sans-serif; font-size: 14pt;\">Planificar necesidades y acciones a llevar a cabo.<\/span><\/li>\n<\/ol>\n<ol start=\"6\">\n<li><span style=\"font-family: helvetica, arial, sans-serif; font-size: 14pt;\"><em><strong>Conexi\u00f3n con la red social de apoyo.<br \/>\n<\/strong><\/em>Fomentar la conexi\u00f3n con su red social de apoyo.<\/span><br \/>\n<span style=\"font-family: helvetica, arial, sans-serif; font-size: 14pt;\">Ayudar a realizar las acciones de b\u00fasqueda necesarias.<\/span><\/li>\n<\/ol>\n<ol start=\"7\">\n<li><span style=\"font-family: helvetica, arial, sans-serif; font-size: 14pt;\"><em><strong>Pautas de afrontamiento.<br \/>\n<\/strong><\/em>Informar de las reacciones b\u00e1sicas de estr\u00e9s esperables (f\u00edsicas y<\/span><br \/>\n<span style=\"font-family: helvetica, arial, sans-serif; font-size: 14pt;\">psicol\u00f3gicas).<\/span><br \/>\n<span style=\"font-family: helvetica, arial, sans-serif; font-size: 14pt;\">Dar pautas de comunicaci\u00f3n de malas noticias a ni\u00f1os.<\/span><br \/>\n<span style=\"font-family: helvetica, arial, sans-serif; font-size: 14pt;\">Ense\u00f1ar t\u00e9cnicas b\u00e1sicas de relajaci\u00f3n.<\/span><br \/>\n<span style=\"font-family: helvetica, arial, sans-serif; font-size: 14pt;\">Dar pautas de higiene del sue\u00f1o.<\/span><br \/>\n<span style=\"font-family: helvetica, arial, sans-serif; font-size: 14pt;\">Normalizar sintomatolog\u00eda de estr\u00e9s agudo.<\/span><\/li>\n<\/ol>\n<ol start=\"8\">\n<li><span style=\"font-family: helvetica, arial, sans-serif; font-size: 14pt;\"><em><strong>Conexi\u00f3n con servicios externos.<br \/>\n<\/strong><\/em>Informar de tiempos aproximados para pedir ayuda a un especialista.<\/span><br \/>\n<span style=\"font-family: helvetica, arial, sans-serif; font-size: 14pt;\">Dejar conectado con la red de salud p\u00fablica o servicios an\u00e1logos.<\/span><br \/>\n<span style=\"font-family: helvetica, arial, sans-serif; font-size: 14pt;\">Reforzar el mantenimiento de un contacto adicional en caso de crisis.<\/span><\/li>\n<\/ol>\n<p>&nbsp;<\/p>\n<p style=\"text-align: right;\"><span style=\"font-family: helvetica, arial, sans-serif; font-size: 14pt;\"><strong><span style=\"color: #800080;\">Aura Marqu\u00e9s<\/span><\/strong><br \/>\nPsic\u00f3loga. Cl\u00ednico EMDR<br \/>\nExperta en psicolog\u00eda de Emergencias<br \/>\nPalma de Mallorca<\/span><\/p>\n<p style=\"text-align: justify;\"><span style=\"font-size: 14pt; font-family: helvetica, arial, sans-serif;\"><img decoding=\"async\" class=\"aligncenter\" src=\"http:\/\/psicologiaviva.com\/blog\/wp-content\/uploads\/2021\/12\/logo.jpg\" width=\"133\" height=\"133\" \/><\/span><\/p>\n<p style=\"text-align: center;\"><span style=\"font-family: helvetica, arial, sans-serif;\"><strong><a href=\"https:\/\/psicologiaviva.com\/blog\/donaciones\/\" target=\"_blank\" rel=\"noopener\">Donar a la autora, ay\u00fadanos a mantener este blog<\/a><\/strong><\/span><br \/>\n<span style=\"font-family: helvetica, arial, sans-serif;\"><strong><a href=\"https:\/\/psicologiaviva.com\/blog\/donaciones\/\"><img decoding=\"async\" class=\"aligncenter wp-image-5844\" src=\"http:\/\/psicologiaviva.com\/blog\/wp-content\/uploads\/2023\/04\/bizum.jpg\" alt=\"\" width=\"72\" height=\"47\" srcset=\"http:\/\/psicologiaviva.com\/blog\/wp-content\/uploads\/2023\/04\/bizum.jpg 277w, http:\/\/psicologiaviva.com\/blog\/wp-content\/uploads\/2023\/04\/bizum-150x99.jpg 150w, http:\/\/psicologiaviva.com\/blog\/wp-content\/uploads\/2023\/04\/bizum-100x66.jpg 100w, http:\/\/psicologiaviva.com\/blog\/wp-content\/uploads\/2023\/04\/bizum-272x182.jpg 272w\" sizes=\"(max-width: 72px) 100vw, 72px\" \/><\/a><a href=\"https:\/\/psicologiaviva.com\/blog\/donaciones\/\" target=\"_blank\" rel=\"noopener\">Por bizum +34 661963875<\/a><\/strong><\/span><br \/>\n<span style=\"font-family: helvetica, arial, sans-serif;\"><strong><a href=\"https:\/\/psicologiaviva.com\/blog\/donaciones\/\"><img loading=\"lazy\" decoding=\"async\" class=\"aligncenter wp-image-5846\" src=\"http:\/\/psicologiaviva.com\/blog\/wp-content\/uploads\/2023\/04\/paypal.png\" alt=\"\" width=\"76\" height=\"38\" srcset=\"http:\/\/psicologiaviva.com\/blog\/wp-content\/uploads\/2023\/04\/paypal.png 960w, http:\/\/psicologiaviva.com\/blog\/wp-content\/uploads\/2023\/04\/paypal-300x150.png 300w, http:\/\/psicologiaviva.com\/blog\/wp-content\/uploads\/2023\/04\/paypal-768x384.png 768w, http:\/\/psicologiaviva.com\/blog\/wp-content\/uploads\/2023\/04\/paypal-750x375.png 750w, http:\/\/psicologiaviva.com\/blog\/wp-content\/uploads\/2023\/04\/paypal-400x200.png 400w, http:\/\/psicologiaviva.com\/blog\/wp-content\/uploads\/2023\/04\/paypal-430x215.png 430w, http:\/\/psicologiaviva.com\/blog\/wp-content\/uploads\/2023\/04\/paypal-150x75.png 150w, http:\/\/psicologiaviva.com\/blog\/wp-content\/uploads\/2023\/04\/paypal-100x50.png 100w\" sizes=\"(max-width: 76px) 100vw, 76px\" \/><\/a><a href=\"https:\/\/psicologiaviva.com\/blog\/donaciones\/\" target=\"_blank\" rel=\"noopener\">Por Paypal sicoviva@gmail.com<\/a><\/strong><\/span><\/p>\n","protected":false},"excerpt":{"rendered":"<p>Los A.P.A o Primeros Auxilios Psicol\u00f3gicos son las\u00a0intervenciones psicol\u00f3gica que se realizan en el momento de crisis. El objetivo de estos es auxiliar a la persona, ayudarles a dar pasos concretos hacia el afrontamiento de la crisis, usar adecuadamente los [&hellip;]<\/p>\n","protected":false},"author":1,"featured_media":5935,"comment_status":"open","ping_status":"open","sticky":false,"template":"","format":"standard","meta":{"jetpack_post_was_ever_published":false,"_jetpack_newsletter_access":"","_jetpack_dont_email_post_to_subs":false,"_jetpack_newsletter_tier_id":0,"_jetpack_memberships_contains_paywalled_content":false,"_jetpack_memberships_contains_paid_content":false,"footnotes":"","jetpack_publicize_message":"","jetpack_publicize_feature_enabled":true,"jetpack_social_post_already_shared":true,"jetpack_social_options":{"image_generator_settings":{"template":"highway","default_image_id":0,"font":"","enabled":false},"version":2}},"categories":[25,3,47,54],"tags":[],"class_list":["post-2643","post","type-post","status-publish","format-standard","has-post-thumbnail","hentry","category-ansiedad","category-emergencias","category-intervinientes","category-psicoeducacion"],"aioseo_notices":[],"jetpack_publicize_connections":[],"jetpack_featured_media_url":"http:\/\/psicologiaviva.com\/blog\/wp-content\/uploads\/2018\/10\/primeros-auxilios.jpg","jetpack_sharing_enabled":true,"jetpack_shortlink":"https:\/\/wp.me\/p6Upkr-GD","jetpack_likes_enabled":false,"_links":{"self":[{"href":"http:\/\/psicologiaviva.com\/blog\/wp-json\/wp\/v2\/posts\/2643","targetHints":{"allow":["GET"]}}],"collection":[{"href":"http:\/\/psicologiaviva.com\/blog\/wp-json\/wp\/v2\/posts"}],"about":[{"href":"http:\/\/psicologiaviva.com\/blog\/wp-json\/wp\/v2\/types\/post"}],"author":[{"embeddable":true,"href":"http:\/\/psicologiaviva.com\/blog\/wp-json\/wp\/v2\/users\/1"}],"replies":[{"embeddable":true,"href":"http:\/\/psicologiaviva.com\/blog\/wp-json\/wp\/v2\/comments?post=2643"}],"version-history":[{"count":0,"href":"http:\/\/psicologiaviva.com\/blog\/wp-json\/wp\/v2\/posts\/2643\/revisions"}],"wp:featuredmedia":[{"embeddable":true,"href":"http:\/\/psicologiaviva.com\/blog\/wp-json\/wp\/v2\/media\/5935"}],"wp:attachment":[{"href":"http:\/\/psicologiaviva.com\/blog\/wp-json\/wp\/v2\/media?parent=2643"}],"wp:term":[{"taxonomy":"category","embeddable":true,"href":"http:\/\/psicologiaviva.com\/blog\/wp-json\/wp\/v2\/categories?post=2643"},{"taxonomy":"post_tag","embeddable":true,"href":"http:\/\/psicologiaviva.com\/blog\/wp-json\/wp\/v2\/tags?post=2643"}],"curies":[{"name":"wp","href":"https:\/\/api.w.org\/{rel}","templated":true}]}}