{"id":31,"date":"2015-12-19T23:40:14","date_gmt":"2015-12-19T23:40:14","guid":{"rendered":"http:\/\/psicologiaviva.com\/blog\/?p=31"},"modified":"2018-10-15T08:49:37","modified_gmt":"2018-10-15T08:49:37","slug":"5-retos-en-la-vida-de-los-adolescentes","status":"publish","type":"post","link":"http:\/\/psicologiaviva.com\/blog\/5-retos-en-la-vida-de-los-adolescentes\/","title":{"rendered":"5 retos en la vida de los adolescentes"},"content":{"rendered":"<p style=\"text-align: justify;\"><a href=\"http:\/\/psicologiaviva.com\/blog\/wp-content\/uploads\/2015\/12\/adolescentes-1.jpg\"><img fetchpriority=\"high\" decoding=\"async\" class=\"aligncenter size-medium wp-image-62\" src=\"http:\/\/psicologiaviva.com\/blog\/wp-content\/uploads\/2015\/12\/adolescentes-1-300x176.jpg\" alt=\"adolescentes 1\" width=\"300\" height=\"176\" srcset=\"http:\/\/psicologiaviva.com\/blog\/wp-content\/uploads\/2015\/12\/adolescentes-1-300x176.jpg 300w, http:\/\/psicologiaviva.com\/blog\/wp-content\/uploads\/2015\/12\/adolescentes-1.jpg 460w\" sizes=\"(max-width: 300px) 100vw, 300px\" \/><\/a>Los adolescentes en situaciones cotidianas deben de hacer frente a a retos que le dificultan bastante la gesti\u00f3n del d\u00eda a d\u00eda . Sufren unos cambios evolutivos y adaptativos que le ayudar\u00e1n a su crecimiento personal y formaci\u00f3n de personas adultas.<!--more--><br \/>\nLos adolescentes en esta \u00e9poca pasan por profundos cambios, estos cambios generan en ellos una falta de control y en ocasiones, en algunas veces, una cierta disminuci\u00f3n de control sobre la propia conducta y sobre todo sobre la regulaci\u00f3n de las emociones.<\/p>\n<p style=\"text-align: justify;\">Estos dos factores: los cambios y la falta de control, generan una mayor probabilidad de riesgo, en situaciones normales , los hace m\u00e1s vulnerable, no crear\u00e1 trastornos pero pueden precipitar o desencadenarlos.<\/p>\n<p style=\"text-align: justify;\"><strong>Estos 5 retos son<\/strong>:<\/p>\n<p style=\"text-align: justify;\">1- Adaptarse a los cambios f\u00edsicos. Modificaciones de su cuerpo que el debe:<\/p>\n<p style=\"text-align: justify;\">&#8211; Entenderla<br \/>\n&#8211; Aceptarlas<br \/>\n&#8211; Ajustarse a ellas<\/p>\n<p style=\"text-align: justify;\">2- Construir su personalidad que va a tener de adulto, dejar atr\u00e1s lo que se le ha ense\u00f1ado como ni\u00f1o, los valores y las formas de comportamiento que le han estado ense\u00f1ando los adultos y explora formas alternativas que acabar\u00e1n construyendo su personalidad.<\/p>\n<p style=\"text-align: justify;\">3- Se cuestionar\u00e1 los valores, normas y consejos que los adultos, la familia, los profesores le han estado dando en este momento .Este proceso genera una gran tensi\u00f3n e incertidumbre.<\/p>\n<p style=\"text-align: justify;\">4- Est\u00e1 configurando su identidad en el grupo, como hombre, como mujer, como estudiante, como deportistas, con todas las distintas identidades que despu\u00e9s de adulto va a tener . Y para hacerlo compite con otros seres de su misma edad que est\u00e1n haciendo el mismo proceso.<\/p>\n<p style=\"text-align: justify;\">5- Tienen que empezar justo en esta \u00e9poca de tanto cambio e incertidumbre a pensar en su futuro laboral, quiz\u00e1s sin convicci\u00f3n absoluta pero si con una direcci\u00f3n. Ya sea para realizar estudios universitarios, formaci\u00f3n profesional, todo mediatizado por una situaci\u00f3n pol\u00edtica y econ\u00f3mica que todos los adultos nos apresuraremos a decirles que es bastante compleja y en la que debe esforzarse mucho.<\/p>\n<p style=\"text-align: justify;\">La familia debe aceptar que no es la \u00fanica que les va a ayudar sino que tambi\u00e9n esta ayuda viene de sus iguales, grupos de amigos , que crean un apoyo protector muy a tener en cuenta.<\/p>\n<p style=\"text-align: right;\"><strong><span style=\"color: #800080;\">Aura Marqu\u00e9s<\/span><\/strong><br \/>\nPsic\u00f3loga de Familia<br \/>\nTerapeuta Emocional<br \/>\nPalma de Mallorca<\/p>\n","protected":false},"excerpt":{"rendered":"<p>Los adolescentes en situaciones cotidianas deben de hacer frente a a retos que le dificultan bastante la gesti\u00f3n del d\u00eda a d\u00eda . Sufren unos cambios evolutivos y adaptativos que le ayudar\u00e1n a su crecimiento personal y formaci\u00f3n de personas [&hellip;]<\/p>\n","protected":false},"author":1,"featured_media":0,"comment_status":"open","ping_status":"open","sticky":false,"template":"","format":"standard","meta":{"jetpack_post_was_ever_published":false,"_jetpack_newsletter_access":"","_jetpack_dont_email_post_to_subs":false,"_jetpack_newsletter_tier_id":0,"_jetpack_memberships_contains_paywalled_content":false,"_jetpack_memberships_contains_paid_content":false,"footnotes":"","jetpack_publicize_message":"","jetpack_publicize_feature_enabled":true,"jetpack_social_post_already_shared":true,"jetpack_social_options":{"image_generator_settings":{"template":"highway","default_image_id":0,"font":"","enabled":false},"version":2}},"categories":[6],"tags":[],"class_list":["post-31","post","type-post","status-publish","format-standard","hentry","category-adolescentes"],"aioseo_notices":[],"jetpack_publicize_connections":[],"jetpack_featured_media_url":"","jetpack_sharing_enabled":true,"jetpack_shortlink":"https:\/\/wp.me\/p6Upkr-v","jetpack_likes_enabled":false,"_links":{"self":[{"href":"http:\/\/psicologiaviva.com\/blog\/wp-json\/wp\/v2\/posts\/31","targetHints":{"allow":["GET"]}}],"collection":[{"href":"http:\/\/psicologiaviva.com\/blog\/wp-json\/wp\/v2\/posts"}],"about":[{"href":"http:\/\/psicologiaviva.com\/blog\/wp-json\/wp\/v2\/types\/post"}],"author":[{"embeddable":true,"href":"http:\/\/psicologiaviva.com\/blog\/wp-json\/wp\/v2\/users\/1"}],"replies":[{"embeddable":true,"href":"http:\/\/psicologiaviva.com\/blog\/wp-json\/wp\/v2\/comments?post=31"}],"version-history":[{"count":0,"href":"http:\/\/psicologiaviva.com\/blog\/wp-json\/wp\/v2\/posts\/31\/revisions"}],"wp:attachment":[{"href":"http:\/\/psicologiaviva.com\/blog\/wp-json\/wp\/v2\/media?parent=31"}],"wp:term":[{"taxonomy":"category","embeddable":true,"href":"http:\/\/psicologiaviva.com\/blog\/wp-json\/wp\/v2\/categories?post=31"},{"taxonomy":"post_tag","embeddable":true,"href":"http:\/\/psicologiaviva.com\/blog\/wp-json\/wp\/v2\/tags?post=31"}],"curies":[{"name":"wp","href":"https:\/\/api.w.org\/{rel}","templated":true}]}}